{"id":64218,"date":"2017-06-15T06:30:05","date_gmt":"2017-06-15T09:30:05","guid":{"rendered":"http:\/\/argentinamunicipal.com.ar\/argentina\/?p=64218"},"modified":"2017-06-15T08:14:09","modified_gmt":"2017-06-15T11:14:09","slug":"mas-140-limpiavidrios-santafesinos-ya-realizan-otras-tareas","status":"publish","type":"post","link":"http:\/\/argentinamunicipal.com.ar\/argentina\/mas-140-limpiavidrios-santafesinos-ya-realizan-otras-tareas\/","title":{"rendered":"M\u00e1s de 140 limpiavidrios santafesinos ya realizan otras tareas"},"content":{"rendered":"<p>Trabajan en los Parques Garay y Federal, la Estaci\u00f3n Belgrano y en diversos barrios de la ciudad. Su inserci\u00f3n se llev\u00f3 a cabo de la mano de las Escuelas de Trabajo.<\/p>\n<p>Luego de conocerse los episodios violentos en los que se vio involucrado a los limpiavidrios, en diferentes barrios de la ciudad, Roc\u00edo Gim\u00e9nez, a cargo de la Subsecretar\u00eda de Acci\u00f3n Social de la Municipalidad, distingui\u00f3 lo relacionado con el delito de la cuesti\u00f3n social propiamente dicha.<\/p>\n<p>\u00abDesde 2013, el Gobierno de la Ciudad implementa el plan Calles Seguras e Infancia y Juventud Protegidas. Empez\u00f3 su tarea, fundamentalmente, con aquellos j\u00f3venes limpiavidrios. Este programa tiene incluidos a 142 j\u00f3venes mayores de edad\u00bb, indic\u00f3 la funcionaria en contacto con LT10. Vale decir que esos j\u00f3venes se han insertado en otras actividades, a instancias de las Escuelas de Trabajo, relacionadas con el mundo laboral.<\/p>\n<p>En concreto, realizan tareas en el Parque Garay, el Parque Federal, la Estaci\u00f3n Belgrano y en diversos barrios de la ciudad.<\/p>\n<p>Acerca de acciones previstas en materia de control de la actividad por parte del Municipio, Gim\u00e9nez precis\u00f3 que \u00abse analiza la situaci\u00f3n, que es compleja, atravesada por la vulnerabilidad social. Estamos pensando el alternativas que comunicaremos en breve\u00bb, anunci\u00f3.<\/p>\n<h6>Fuente: uno Santa Fe<\/h6>\n","protected":false},"excerpt":{"rendered":"<p>Trabajan en los Parques Garay y Federal, la Estaci\u00f3n Belgrano y en diversos barrios de la ciudad. Su inserci\u00f3n se llev\u00f3 a cabo de la mano de las Escuelas de Trabajo.<\/p>\n","protected":false},"author":2,"featured_media":64219,"comment_status":"closed","ping_status":"closed","sticky":false,"template":"","format":"standard","meta":{"footnotes":""},"categories":[2],"tags":[10],"class_list":["post-64218","post","type-post","status-publish","format-standard","has-post-thumbnail","hentry","category-informe-municipal","tag-santa-fe"],"_links":{"self":[{"href":"http:\/\/argentinamunicipal.com.ar\/argentina\/wp-json\/wp\/v2\/posts\/64218","targetHints":{"allow":["GET"]}}],"collection":[{"href":"http:\/\/argentinamunicipal.com.ar\/argentina\/wp-json\/wp\/v2\/posts"}],"about":[{"href":"http:\/\/argentinamunicipal.com.ar\/argentina\/wp-json\/wp\/v2\/types\/post"}],"author":[{"embeddable":true,"href":"http:\/\/argentinamunicipal.com.ar\/argentina\/wp-json\/wp\/v2\/users\/2"}],"replies":[{"embeddable":true,"href":"http:\/\/argentinamunicipal.com.ar\/argentina\/wp-json\/wp\/v2\/comments?post=64218"}],"version-history":[{"count":0,"href":"http:\/\/argentinamunicipal.com.ar\/argentina\/wp-json\/wp\/v2\/posts\/64218\/revisions"}],"wp:featuredmedia":[{"embeddable":true,"href":"http:\/\/argentinamunicipal.com.ar\/argentina\/wp-json\/wp\/v2\/media\/64219"}],"wp:attachment":[{"href":"http:\/\/argentinamunicipal.com.ar\/argentina\/wp-json\/wp\/v2\/media?parent=64218"}],"wp:term":[{"taxonomy":"category","embeddable":true,"href":"http:\/\/argentinamunicipal.com.ar\/argentina\/wp-json\/wp\/v2\/categories?post=64218"},{"taxonomy":"post_tag","embeddable":true,"href":"http:\/\/argentinamunicipal.com.ar\/argentina\/wp-json\/wp\/v2\/tags?post=64218"}],"curies":[{"name":"wp","href":"https:\/\/api.w.org\/{rel}","templated":true}]}}