{"id":64293,"date":"2017-06-16T06:25:29","date_gmt":"2017-06-16T09:25:29","guid":{"rendered":"http:\/\/argentinamunicipal.com.ar\/argentina\/?p=64293"},"modified":"2017-06-16T07:28:56","modified_gmt":"2017-06-16T10:28:56","slug":"definen-politicas-desarrollo-sostenible-ciudades-santafesinas","status":"publish","type":"post","link":"http:\/\/argentinamunicipal.com.ar\/argentina\/definen-politicas-desarrollo-sostenible-ciudades-santafesinas\/","title":{"rendered":"Definen pol\u00edticas para el desarrollo sostenible de ciudades santafesinas"},"content":{"rendered":"<p>Se trata del 1\u00ba Encuentro de implementaci\u00f3n de la Nueva Agenda Urbana en la Argentina. H\u00e1bitat, vivienda, resiliencia y planificaci\u00f3n fueron los ejes de la jornada. Buscan que la vida en las ciudades sea sostenible.<\/p>\n<p>&nbsp;<\/p>\n<p>Tras participar activamente de H\u00e1bitat III en Quito (Ecuador), Conferencia de las Naciones Unidas sobre Vivienda y Desarrollo Urbano Sostenible impulsada por la ONU, y de ser sede de la XXI Cumbre de Mercociudades, la ciudad fue escenario del 1\u00ba Encuentro de implementaci\u00f3n de la Nueva Agenda Urbana en la Argentina. La iniciativa, que se llev\u00f3 a cabo esta ma\u00f1ana en el recuperado Molino Marconetti del Puerto local, es impulsada por la Secretar\u00eda de Vivienda y H\u00e1bitat del Ministerio del Interior, Obras P\u00fablicas y Vivienda de la Naci\u00f3n.<\/p>\n<p>La apertura oficial fue encabezada por el intendente Jos\u00e9 Corral, la subsecretaria nacional de H\u00e1bitat y Desarrollo Humano, Marina Klemensiewicz, y el secretario de Estado del H\u00e1bitat de la Provincia de Santa Fe, Diego Leone. Adem\u00e1s, participaron intendentes y presidentes comunales del centro norte santafesino, entre otros.<\/p>\n<p>\u201cLa preocupaci\u00f3n que tenemos que tener todos es c\u00f3mo vamos a preparar nuestras ciudades entendiendo que de ac\u00e1 a 20 a\u00f1os los argentinos vamos a vivir en la ciudad\u201d, comenz\u00f3 diciendo Klemensiewicz. \u201cHoy, Argentina es el tercer pa\u00eds m\u00e1s urbano del mundo, y si no nos preparamos y planificamos ese crecimiento de ciudades de todas las escalas ser\u00e1 muy dif\u00edcil lograr una vida sustentable\u201d, agreg\u00f3.<\/p>\n<p>En el mismo sentido, la funcionaria nacional mencion\u00f3 que lo primero que se debe hacer es \u201csaldar una deuda, porque hay muchos argentinos viviendo en barrios precarios, sin agua ni cloacas\u201d, y dijo que para solucionarlo lanzaron el Plan Nacional de H\u00e1bitat, y el de Agua y Saneamiento.<\/p>\n<p>La reuni\u00f3n llevada a cabo en Santa Fe precede al Foro Urbano Mundial que se desarrollar\u00e1 la pr\u00f3xima semana en Mendoza, con la participaci\u00f3n del presidente de ONU H\u00e1bitat, el catal\u00e1n Joan Clos. \u201cPor ello, quisimos debatir hoy con los representantes santafesinos los desaf\u00edos que tenemos para los pr\u00f3ximos 20 a\u00f1os\u201d, se\u00f1al\u00f3 la funcionaria de H\u00e1bitat, \u201cpara que tengamos ciudades compactas, inclusivas, con mixtura social y sin sectores para gente que cuenta con recursos y otros para quienes no lo tienen\u201d.<\/p>\n<p>H\u00e1bitat III<\/p>\n<p>Cabe recordar que la ciudad fue parte de la gestaci\u00f3n de esta Nueva Agenda Urbana. En 2016, en Quito, una comitiva encabezada por el intendente Jos\u00e9 Corral fue part\u00edcipe activa de la Conferencia de las Naciones Unidas sobre Vivienda y Desarrollo Urbano Sostenible (H\u00e1bitat III), donde se definieron las l\u00edneas para el desarrollo de las ciudades en los pr\u00f3ximos 20 a\u00f1os y las maneras de afrontar los desaf\u00edos que \u00e9ste presenta; se replante\u00f3 la forma en que construimos, gestionamos y vivimos en las ciudades. A su vez, tambi\u00e9n el a\u00f1o pasado, Santa Fe fue sede de la XXI Cumbre de Mercociudades, en la que junto a representantes de unas 200 ciudades se dio inicio a la implementaci\u00f3n de esa Nueva Agenda en Am\u00e9rica Latina y el Caribe.<\/p>\n<p>\u201cEl programa Nacional de H\u00e1bitat nos ha permitido financiar obras importantes en barrio Chalet, San Lorenzo, Santa Rosa de Lima y Barranquitas: cord\u00f3n cuneta, agua potable, cloacas e iluminaci\u00f3n y viviendas\u201d, destac\u00f3 Corral. \u201cHay m\u00e1s de mil millones de pesos de inversi\u00f3n en la ciudad\u201d, agreg\u00f3, adem\u00e1s de mencionar otras inversiones similares en otras ciudades del \u00e1rea metropolitana y regi\u00f3n.<\/p>\n<p>Nueva Agenda<\/p>\n<p>Entre los principios que condensa el documento de la Nueva Agenda Urbana, se encuentran la inclusi\u00f3n de toda la poblaci\u00f3n, la promoci\u00f3n de econom\u00edas urbanas sostenibles, seguras, resilientes e inclusivas, y la sostenibilidad ambiental. Adem\u00e1s, se promueve la densificaci\u00f3n urbana (en lugar de la extensi\u00f3n de las ciudades), el uso mixto del suelo desde un enfoque integral anclado en los territorios, y la preservaci\u00f3n de paisajes, recursos naturales y espacios p\u00fablicos para todos.<\/p>\n<p>En pos de esos objetivos, lo que se busca es impulsar la coordinaci\u00f3n de las acciones entre todos los niveles del Estado, el sector privado y la sociedad civil, as\u00ed como la incorporaci\u00f3n de una visi\u00f3n hol\u00edstica de la planificaci\u00f3n urbana basada en la cohesi\u00f3n, inclusi\u00f3n y participaci\u00f3n ciudadana. Esa visi\u00f3n refiere a tomar a la ciudad no s\u00f3lo como un todo compuesto de distintas partes interconectado, si no tener en cuenta que cada una de ellas se refleja, se afecta y es afectada por la totalidad.<\/p>\n<h6>Fuetne: El Litoral<\/h6>\n","protected":false},"excerpt":{"rendered":"<p>Se trata del 1\u00ba Encuentro de implementaci\u00f3n de la Nueva Agenda Urbana en la Argentina. H\u00e1bitat, vivienda, resiliencia y planificaci\u00f3n fueron los ejes de la jornada. Buscan que la vida en las ciudades sea sostenible.<\/p>\n","protected":false},"author":2,"featured_media":64294,"comment_status":"closed","ping_status":"closed","sticky":false,"template":"","format":"standard","meta":{"footnotes":""},"categories":[2],"tags":[10],"class_list":["post-64293","post","type-post","status-publish","format-standard","has-post-thumbnail","hentry","category-informe-municipal","tag-santa-fe"],"_links":{"self":[{"href":"http:\/\/argentinamunicipal.com.ar\/argentina\/wp-json\/wp\/v2\/posts\/64293","targetHints":{"allow":["GET"]}}],"collection":[{"href":"http:\/\/argentinamunicipal.com.ar\/argentina\/wp-json\/wp\/v2\/posts"}],"about":[{"href":"http:\/\/argentinamunicipal.com.ar\/argentina\/wp-json\/wp\/v2\/types\/post"}],"author":[{"embeddable":true,"href":"http:\/\/argentinamunicipal.com.ar\/argentina\/wp-json\/wp\/v2\/users\/2"}],"replies":[{"embeddable":true,"href":"http:\/\/argentinamunicipal.com.ar\/argentina\/wp-json\/wp\/v2\/comments?post=64293"}],"version-history":[{"count":0,"href":"http:\/\/argentinamunicipal.com.ar\/argentina\/wp-json\/wp\/v2\/posts\/64293\/revisions"}],"wp:featuredmedia":[{"embeddable":true,"href":"http:\/\/argentinamunicipal.com.ar\/argentina\/wp-json\/wp\/v2\/media\/64294"}],"wp:attachment":[{"href":"http:\/\/argentinamunicipal.com.ar\/argentina\/wp-json\/wp\/v2\/media?parent=64293"}],"wp:term":[{"taxonomy":"category","embeddable":true,"href":"http:\/\/argentinamunicipal.com.ar\/argentina\/wp-json\/wp\/v2\/categories?post=64293"},{"taxonomy":"post_tag","embeddable":true,"href":"http:\/\/argentinamunicipal.com.ar\/argentina\/wp-json\/wp\/v2\/tags?post=64293"}],"curies":[{"name":"wp","href":"https:\/\/api.w.org\/{rel}","templated":true}]}}