{"id":64326,"date":"2017-06-16T06:21:46","date_gmt":"2017-06-16T09:21:46","guid":{"rendered":"http:\/\/argentinamunicipal.com.ar\/argentina\/?p=64326"},"modified":"2017-06-16T08:26:50","modified_gmt":"2017-06-16T11:26:50","slug":"drama-mapuche-senasa-les-prohibe-una-practica-milenaria-garantizada-la-oit","status":"publish","type":"post","link":"http:\/\/argentinamunicipal.com.ar\/argentina\/drama-mapuche-senasa-les-prohibe-una-practica-milenaria-garantizada-la-oit\/","title":{"rendered":"Drama mapuche: el Senasa les proh\u00edbe una pr\u00e1ctica milenaria garantizada por la OIT"},"content":{"rendered":"<p>Los mapuches enfermos que van al Gulumapu (Chile) en busca de consejo y remedios porque del otro lado de la cordillera hay mayor cantidad de machi -mujeres u hombres medicina-, que del lado argentino\u00a0denunciaron que les quitan los remedios preparados que traen y que no son otra cosa que un tratamiento de salud para enfermedades de todo tipo.<\/p>\n<p>Cruzar el paso Cardenal Samor\u00e9 que une Argentina y Chile cerca de Villa La Angostura se volvi\u00f3 un tr\u00e1mite incierto y angustiante para los mapuches enfermos que van y vienen del Gulumapu (Chile) al Puelmapu (Argentina).<\/p>\n<p>Al Gulumapu van en busca de consejo y remedios porque del otro lado de la cordillera hay mayor cantidad de machi -mujeres u hombres medicina-, que del lado argentino.<\/p>\n<p>Casi siempre todo termina mal porque el Senasa, denuncian, les quita los remedios preparados que traen y que no son otra cosa que un tratamiento de salud para enfermedades de todo tipo, algo totalmente desconocido por los agentes de ese organismo nacional encargado de controlar el ingreso de productos zoo-fitosanitarios.<\/p>\n<p>La semana pasada le toc\u00f3 al longko (cacique en el idioma de los mapuche) Javier Ca\u00f1iu. Pero, es una constante a la que enfrentan diariamente integrantes de ese pueblo ind\u00edgena.<\/p>\n<p>\u00abTenemos que pasar con el &#8216;lawen&#8217; (remedio a base de hierbas) a escondidas para que no lo secuestre el Senasa. Necesitamos legislaci\u00f3n que aplique el Convenio 169 de la OIT -tratado internacional de protecci\u00f3n a los derechos de los pueblos ind\u00edgenas ratificado por Argentina y Chile- porque queremos transitar con nuestros remedios libremente.\u00a0Es un tema de voluntad pol\u00edtica que los dos pa\u00edses pueden resolver bilateralmente en cuanto a c\u00f3mo se ejerce con el pueblo mapuche\u00bb, clama Moira Mill\u00e1n.<\/p>\n<p>\u00abHay casos de c\u00e1ncer y de leucemia. Yo misma me cur\u00e9 de un c\u00e1ncer pero, estuve un a\u00f1o y medio cruzando la cordillera y cada vez era angustiante porque no sab\u00eda si me quitaban mi remedio\u00bb.<\/p>\n<p>Los mapuches intentaron hablar con el responsable del Senasa de Bariloche para buscar una salida a un tema vital en su cotidiana pr\u00e1ctica cultural la que se desarrolla en los lof, como se les dice a las comunidades de este bravo pueblo originario, pleno de sabidur\u00eda y medicina.<\/p>\n<p>\u00bfQu\u00e9 dice el Convenio 169 de la OIT sobre el derecho a la salud de los ind\u00edgenas?<\/p>\n<p>1. Los gobiernos deber\u00e1n velar por que se pongan a disposici\u00f3n de los pueblos interesados servicios de salud adecuados o proporcionar a dichos pueblos los \u00a0medios que les permitan organizar y prestar tales servicios bajo su propia responsabilidad y control, a fin de que puedan gozar del m\u00e1ximo nivel posible de<br \/>\nsalud f\u00edsica y mental.<\/p>\n<p>2. Los servicios de salud deber\u00e1n, en la medida de lo posible, organizarse a nivel comunitario. Estos servicios deber\u00e1n planearse y administrarse en cooperaci\u00f3n con\u00a0los pueblos interesados y tener en cuenta sus condiciones econ\u00f3micas, geogr\u00e1ficas, sociales y culturales, as\u00ed como sus m\u00e9todos de prevenci\u00f3n, pr\u00e1cticas curativas y\u00a0medicamentos tradicionales.<\/p>\n<p>3. El sistema de asistencia sanitaria deber\u00e1 dar la preferencia a la formaci\u00f3n y al empleo de personal sanitario de la comunidad local y centrarse en los cuidados<br \/>\nprimarios de salud, manteniendo al mismo tiempo estrechos v\u00ednculos con los dem\u00e1s niveles de asistencia sanitaria.<\/p>\n<p>4. La prestaci\u00f3n de tales servicios de salud deber\u00e1 coordinarse con las dem\u00e1s medidas sociales, econ\u00f3mica y culturales que se tomen en el pa\u00eds.<\/p>\n<h6>Fuente: InfoNews<\/h6>\n","protected":false},"excerpt":{"rendered":"<p>Los mapuches enfermos que van al Gulumapu (Chile) en busca de consejo y remedios porque del otro lado de la cordillera hay mayor cantidad de machi -mujeres u hombres medicina-, que del lado argentino denunciaron que les quitan los remedios preparados que traen<\/p>\n","protected":false},"author":2,"featured_media":64327,"comment_status":"closed","ping_status":"closed","sticky":false,"template":"","format":"standard","meta":{"footnotes":""},"categories":[8],"tags":[21],"class_list":["post-64326","post","type-post","status-publish","format-standard","has-post-thumbnail","hentry","category-informe-nacional","tag-argentina"],"_links":{"self":[{"href":"http:\/\/argentinamunicipal.com.ar\/argentina\/wp-json\/wp\/v2\/posts\/64326","targetHints":{"allow":["GET"]}}],"collection":[{"href":"http:\/\/argentinamunicipal.com.ar\/argentina\/wp-json\/wp\/v2\/posts"}],"about":[{"href":"http:\/\/argentinamunicipal.com.ar\/argentina\/wp-json\/wp\/v2\/types\/post"}],"author":[{"embeddable":true,"href":"http:\/\/argentinamunicipal.com.ar\/argentina\/wp-json\/wp\/v2\/users\/2"}],"replies":[{"embeddable":true,"href":"http:\/\/argentinamunicipal.com.ar\/argentina\/wp-json\/wp\/v2\/comments?post=64326"}],"version-history":[{"count":0,"href":"http:\/\/argentinamunicipal.com.ar\/argentina\/wp-json\/wp\/v2\/posts\/64326\/revisions"}],"wp:featuredmedia":[{"embeddable":true,"href":"http:\/\/argentinamunicipal.com.ar\/argentina\/wp-json\/wp\/v2\/media\/64327"}],"wp:attachment":[{"href":"http:\/\/argentinamunicipal.com.ar\/argentina\/wp-json\/wp\/v2\/media?parent=64326"}],"wp:term":[{"taxonomy":"category","embeddable":true,"href":"http:\/\/argentinamunicipal.com.ar\/argentina\/wp-json\/wp\/v2\/categories?post=64326"},{"taxonomy":"post_tag","embeddable":true,"href":"http:\/\/argentinamunicipal.com.ar\/argentina\/wp-json\/wp\/v2\/tags?post=64326"}],"curies":[{"name":"wp","href":"https:\/\/api.w.org\/{rel}","templated":true}]}}