{"id":64340,"date":"2017-06-19T06:45:29","date_gmt":"2017-06-19T09:45:29","guid":{"rendered":"http:\/\/argentinamunicipal.com.ar\/argentina\/?p=64340"},"modified":"2017-06-19T06:45:29","modified_gmt":"2017-06-19T09:45:29","slug":"sector-la-cgt-anticipo-nuevo-paro-movilizacion-julio-las-politicas-macri","status":"publish","type":"post","link":"http:\/\/argentinamunicipal.com.ar\/argentina\/sector-la-cgt-anticipo-nuevo-paro-movilizacion-julio-las-politicas-macri\/","title":{"rendered":"Un sector de la CGT anticip\u00f3 un nuevo paro y movilizaci\u00f3n para julio contra las pol\u00edticas de Macri"},"content":{"rendered":"<p>El secretario adjunto del Sindicato de Camioneros, Pablo Moyano, anticip\u00f3 hoy que distintos sectores gremiales realizar\u00e1n una \u00abgran movilizaci\u00f3n\u00bb en julio para que el presidente Mauricio Macri \u00abentienda\u00bb que \u00abla cosa est\u00e1 jodida y hay mucha bronca en la gente\u00bb.<\/p>\n<p>\u00abVarios sectores del sindicalismo est\u00e1n preparando una marcha importante para julio\u00bb, adelant\u00f3 Moyano, quien tambi\u00e9n es secretario gremial de la CGT.<\/p>\n<p>En ese sentido, advirti\u00f3 que \u00absi la CGT no adhiere, muchos gremios vamos a acompa\u00f1ar esa protesta\u00bb.<\/p>\n<p>Al plantear que \u00abalgo hay que hacer\u00bb, el referente sindical se\u00f1al\u00f3 que \u00abno podemos mirar para otro lado cuando siguen cerrando empresas, a las paritarias le pusieron un techo, la inflaci\u00f3n no cede, el Impuesto a las Ganancias no lo modificaron y no hay un aumento de emergencia a los jubilados\u00bb.<\/p>\n<p>Adem\u00e1s, sum\u00f3 a sus cr\u00edticas al Gobierno \u00abel papel\u00f3n que hicieron con las pensiones de los chicos con capacidades diferentes\u00bb, por lo que remarc\u00f3 que \u00abtiene que haber una reacci\u00f3n\u00bb.<\/p>\n<p>En declaraciones a radio Diez, advirti\u00f3 que si Cambiemos \u00abllega a tener una victoria en octubre, se va a venir un ajuste brutal, en los estatales y municipios, y van a querer introducir la flexibilizaci\u00f3n laboral en la totalidad de los gremios, con la productivdad y el presentismo\u00bb.<\/p>\n<p>\u00abDesde el peronismo estamos haciendo mucho para que eso ocurra, con las divisiones tanto en la provincia (de Buenos Aires) como en otras, y eso va a ayudar al Gobierno para que gane\u00bb, lament\u00f3.<\/p>\n<p>Sobre la protesta, dijo por \u00faltimo \u00abno saber\u00bb si ser\u00e1 \u00abun paro general o una gran moviliziaci\u00f3n\u00bb, pero la consider\u00f3 necesaria para que \u00abel Presidente y todos estos personajes que tiene a su alrededor entiendan que la cosa est\u00e1 jodida y hay mucha bronca en la gente\u00bb, inform\u00f3 DyN.<\/p>\n<h6>Fuetne: InfoCielo<\/h6>\n","protected":false},"excerpt":{"rendered":"<p>El secretario adjunto del Sindicato de Camioneros, Pablo Moyano, anticip\u00f3 hoy que distintos sectores gremiales realizar\u00e1n una \u00abgran movilizaci\u00f3n\u00bb en julio para que el presidente Mauricio Macri \u00abentienda\u00bb que \u00abla cosa est\u00e1 jodida y hay mucha bronca en la gente\u00bb.<\/p>\n","protected":false},"author":2,"featured_media":64341,"comment_status":"closed","ping_status":"closed","sticky":false,"template":"","format":"standard","meta":{"footnotes":""},"categories":[8],"tags":[21],"class_list":["post-64340","post","type-post","status-publish","format-standard","has-post-thumbnail","hentry","category-informe-nacional","tag-argentina"],"_links":{"self":[{"href":"http:\/\/argentinamunicipal.com.ar\/argentina\/wp-json\/wp\/v2\/posts\/64340","targetHints":{"allow":["GET"]}}],"collection":[{"href":"http:\/\/argentinamunicipal.com.ar\/argentina\/wp-json\/wp\/v2\/posts"}],"about":[{"href":"http:\/\/argentinamunicipal.com.ar\/argentina\/wp-json\/wp\/v2\/types\/post"}],"author":[{"embeddable":true,"href":"http:\/\/argentinamunicipal.com.ar\/argentina\/wp-json\/wp\/v2\/users\/2"}],"replies":[{"embeddable":true,"href":"http:\/\/argentinamunicipal.com.ar\/argentina\/wp-json\/wp\/v2\/comments?post=64340"}],"version-history":[{"count":0,"href":"http:\/\/argentinamunicipal.com.ar\/argentina\/wp-json\/wp\/v2\/posts\/64340\/revisions"}],"wp:featuredmedia":[{"embeddable":true,"href":"http:\/\/argentinamunicipal.com.ar\/argentina\/wp-json\/wp\/v2\/media\/64341"}],"wp:attachment":[{"href":"http:\/\/argentinamunicipal.com.ar\/argentina\/wp-json\/wp\/v2\/media?parent=64340"}],"wp:term":[{"taxonomy":"category","embeddable":true,"href":"http:\/\/argentinamunicipal.com.ar\/argentina\/wp-json\/wp\/v2\/categories?post=64340"},{"taxonomy":"post_tag","embeddable":true,"href":"http:\/\/argentinamunicipal.com.ar\/argentina\/wp-json\/wp\/v2\/tags?post=64340"}],"curies":[{"name":"wp","href":"https:\/\/api.w.org\/{rel}","templated":true}]}}