{"id":64353,"date":"2017-06-19T07:02:44","date_gmt":"2017-06-19T10:02:44","guid":{"rendered":"http:\/\/argentinamunicipal.com.ar\/argentina\/?p=64353"},"modified":"2017-06-19T07:02:44","modified_gmt":"2017-06-19T10:02:44","slug":"cayeron-las-ventas-dia-del-padre","status":"publish","type":"post","link":"http:\/\/argentinamunicipal.com.ar\/argentina\/cayeron-las-ventas-dia-del-padre\/","title":{"rendered":"Cayeron las ventas por el D\u00eda del Padre"},"content":{"rendered":"<p>Seg\u00fan la Confederaci\u00f3n Argentina de la Mediana Empresa, las ventas por los festejos del D\u00eda del Padre cayeron un 3,6 por ciento en relaci\u00f3n al a\u00f1o pasado, cuando tambi\u00e9n hubo una retracci\u00f3n del 7,5 por ciento.<\/p>\n<p>Ni las fechas especiales logran revertir la tendencia a la baja del consumo. Nuevamente hubo una retracci\u00f3n de las ventas para el D\u00eda del Padre, confirm\u00f3 un relevamiento de la Confederaci\u00f3n Argentina de la Mediana Empresa (CAME).<\/p>\n<p>Las cantidades vendidas por los comercios minoristas por cayeron 3,6 por ciento\u00a0frente a igual fecha del a\u00f1o pasado. La ca\u00edda es importante si se tiene en cuenta que en 2016 para esta misma fecha las ventas se hab\u00edan retra\u00eddo 7,5 por ciento.<\/p>\n<p>\u201cMuchos comercios lanzaron promociones muy interesantes para captar p\u00fablico y tuvieron mejores ventas. Hicieron un gran esfuerzo para poder competir\u201d, asever\u00f3 Fabi\u00e1n Tarr\u00edo, presidente de\u00a0CAME. Hubo rebajas de hasta un 50 por ciento, pero las ventas no repuntaron.<\/p>\n<p>\u00abEn l\u00edneas generales, el mercado de consumo sigui\u00f3 afectado por la p\u00e9rdida de poder adquisitivo de las familias y la retracci\u00f3n que persiste en la econom\u00eda. Hubo prudencia en los gastos y se eligieron regalos con ofertas o de costos m\u00e1s peque\u00f1os\u00bb, se\u00f1al\u00f3 en un comunicado la CAME,<\/p>\n<p>El ticket promedio este a\u00f1o se ubic\u00f3 en $570, un 18,7 por ciento\u00a0por encima del a\u00f1o pasado, pero la inflaci\u00f3n anual fue superior, lo que muestra el cuidado del consumo.<\/p>\n<p>Los n\u00fameros de la CAME se asemejaron a los adelantados por la Federaci\u00f3n de Comercio e Industria de la Ciudad de Buenos Aires (Fecoba), que hab\u00eda anticipado una rebaja del 3,4 por ciento de\u00a0las ventas por el D\u00eda del Padre.<\/p>\n<p>El relevamiento de Fecoba reflej\u00f3 la situaci\u00f3n que atraviesa la econom\u00eda en general y el consumo en particular. Las ventas de indumentaria registraron una reducci\u00f3n del 4 por ciento, mientras que los \u00fanicos\u00a0rubros que aumentaron\u00a0sus ventas fueron los Restaurantes y Vinos y Licores, con un 5 por ciento en promedio.<\/p>\n<p>\u00abMucha gente eligi\u00f3 este a\u00f1o gastar en una buena cena o almuerzo en familia como regalo\u00bb, evalu\u00f3 Fecoba.<\/p>\n<p>\u00abEn las zonas de menores recursos, los comercios a cielo abierto estuvieron muy concurridos. Las saladitas fueron la principal competencia\u00bb de los comercios tradicionales, seg\u00fan la entidad.<\/p>\n<p>En tanto,\u00a0en el\u00a0rubro\u00a0Perfumer\u00eda las ventas bajaron 0,5% en relaci\u00f3n con igual fecha de 2016, con mejor resultado que el promedio de los rubros. \u00abPero los comercios consultados se\u00f1alaron que est\u00e1n vendiendo productos de muy bajo precio y no alcanza para recuperar rentabilidad\u00bb, continu\u00f3 el informe.<\/p>\n<p>Respecto a los medios de pago, las tarjetas de cr\u00e9dito resultaron\u00a0lo m\u00e1s usado, pero \u00abtambi\u00e9n sorprendi\u00f3 el uso del efectivo en muchas compras para aprovechar los descuentos que dieron los comercios si se usaba esa forma de pago\u00bb.<\/p>\n<h6>Fuetne: P\u00e1gina 12<\/h6>\n","protected":false},"excerpt":{"rendered":"<p>Seg\u00fan la Confederaci\u00f3n Argentina de la Mediana Empresa, las ventas por los festejos del D\u00eda del Padre cayeron un 3,6 por ciento en relaci\u00f3n al a\u00f1o pasado, cuando tambi\u00e9n hubo una retracci\u00f3n del 7,5 por ciento.<\/p>\n","protected":false},"author":2,"featured_media":64354,"comment_status":"closed","ping_status":"closed","sticky":false,"template":"","format":"standard","meta":{"footnotes":""},"categories":[8],"tags":[21],"class_list":["post-64353","post","type-post","status-publish","format-standard","has-post-thumbnail","hentry","category-informe-nacional","tag-argentina"],"_links":{"self":[{"href":"http:\/\/argentinamunicipal.com.ar\/argentina\/wp-json\/wp\/v2\/posts\/64353","targetHints":{"allow":["GET"]}}],"collection":[{"href":"http:\/\/argentinamunicipal.com.ar\/argentina\/wp-json\/wp\/v2\/posts"}],"about":[{"href":"http:\/\/argentinamunicipal.com.ar\/argentina\/wp-json\/wp\/v2\/types\/post"}],"author":[{"embeddable":true,"href":"http:\/\/argentinamunicipal.com.ar\/argentina\/wp-json\/wp\/v2\/users\/2"}],"replies":[{"embeddable":true,"href":"http:\/\/argentinamunicipal.com.ar\/argentina\/wp-json\/wp\/v2\/comments?post=64353"}],"version-history":[{"count":0,"href":"http:\/\/argentinamunicipal.com.ar\/argentina\/wp-json\/wp\/v2\/posts\/64353\/revisions"}],"wp:featuredmedia":[{"embeddable":true,"href":"http:\/\/argentinamunicipal.com.ar\/argentina\/wp-json\/wp\/v2\/media\/64354"}],"wp:attachment":[{"href":"http:\/\/argentinamunicipal.com.ar\/argentina\/wp-json\/wp\/v2\/media?parent=64353"}],"wp:term":[{"taxonomy":"category","embeddable":true,"href":"http:\/\/argentinamunicipal.com.ar\/argentina\/wp-json\/wp\/v2\/categories?post=64353"},{"taxonomy":"post_tag","embeddable":true,"href":"http:\/\/argentinamunicipal.com.ar\/argentina\/wp-json\/wp\/v2\/tags?post=64353"}],"curies":[{"name":"wp","href":"https:\/\/api.w.org\/{rel}","templated":true}]}}