{"id":64387,"date":"2017-06-19T08:09:10","date_gmt":"2017-06-19T11:09:10","guid":{"rendered":"http:\/\/argentinamunicipal.com.ar\/argentina\/?p=64387"},"modified":"2017-06-19T08:09:10","modified_gmt":"2017-06-19T11:09:10","slug":"malvinas-inicia-operativo-cerrar-heridas","status":"publish","type":"post","link":"http:\/\/argentinamunicipal.com.ar\/argentina\/malvinas-inicia-operativo-cerrar-heridas\/","title":{"rendered":"Malvinas: inicia un operativo para cerrar heridas"},"content":{"rendered":"<p>Entre ma\u00f1ana y el martes comenzar\u00e1 la identificaci\u00f3n de los 123 soldados sepultados en las islas sin identificar. Para las familias, se mezcla la angustia y la esperanza.<\/p>\n<p>Con una mezcla de emociones, que van de la angustia a la esperanza, familiares de soldados ca\u00eddos en la guerra de Malvinas aguardan con expectativa las tareas de identificaci\u00f3n de 123 tumbas del cementerio de Darwin, desde esta semana a cargo de una misi\u00f3n del Comit\u00e9 Internacional de la Cruz Roja (CICR), seg\u00fan lo acordado entre los gobiernos de Argentina y el Reino Unido.<\/p>\n<p>A 35 a\u00f1os de la guerra y tras largas negociaciones entre ambos gobiernos -que comenzaron en 2011- una misi\u00f3n de la CICR ya se encuentra instalada en las islas para comenzar entre ma\u00f1ana y el martes -si las condiciones clim\u00e1ticas lo permiten- la exhumaci\u00f3n de 123 de las 237 tumbas que se encuentran en Darwin, las que llevan la leyenda \u201cSoldado argentino solo conocido por Dios\u201d.<\/p>\n<p>\u201cSiento un c\u00famulo de sensaciones: estoy contenta por un lado, con ansiedad y tambi\u00e9n pesar al recordar a mi madre que falleci\u00f3 hace tres meses de tristeza por no haber podido llegar al final de este proceso que comenz\u00f3 en 2011\u201d, cuenta desde Chaco Norma G\u00f3mez, hermana del soldado Eduardo G\u00f3mez, y una de las 93 familias que aport\u00f3 su muestra de ADN para lograr la identificaci\u00f3n.<\/p>\n<p>Chaco es la provincia que cuenta con mayor cantidad de familiares de muertos en Malvinas que dieron su consentimiento -un total de 22 de los 123- en tanto que dos familias de esa provincia se negaron a aportar su muestra gen\u00e9tica.<\/p>\n<p>Norma dice que conf\u00eda \u201cplenamente\u201d en el trabajo de los forenses \u201cde excelencia\u201d que trabajar\u00e1n en Darwin y que si se logra la identificaci\u00f3n de los restos de su hermano respetar\u00e1 la decisi\u00f3n de su madre fallecida: que su cuerpo quede enterrado para siempre en las islas.<\/p>\n<p>La mujer -que fue recibida en las \u00faltimas horas por el gobernador de Chaco, Domingo Peppo, junto a los otros familiares de la provincia- lamenta la falta de contenci\u00f3n psicol\u00f3gica desde el Gobierno nacional y todav\u00eda recuerda la primera vez que viaj\u00f3 a las islas en 1991 en el primer viaje de familiares tras la guerra del &#8217;82.<\/p>\n<p>\u201cFue terrible, reci\u00e9n ah\u00ed nos enteramos que mi hermano no estaba identificado. Eso aliment\u00f3 la esperanza de mi familia de que estuviera vivo en alg\u00fan lugar y mi abuela muri\u00f3 con la ilusi\u00f3n de que no hubiera muerto en la guerra\u201d, reflexiona.<\/p>\n<p>Por su parte, Mar\u00eda Fernanda Araujo -presidenta de la Comisi\u00f3n de Familiares de ca\u00eddos en Malvinas que nuclea a 550 familias en todo el pa\u00eds- dijo que \u201cson d\u00edas muy duros ya que, a medida que se van acercando las fechas, me siento angustiada\u201d y se\u00f1al\u00f3 que desde la comisi\u00f3n aspiran a que la misi\u00f3n en Darwin \u201ctraiga paz\u201d a todos los familiares.<\/p>\n<p>Para Araujo, \u201cel proceso fue un desastre, ya que cuando se inici\u00f3 -en 2011 con el gobierno de Cristina Kirchner- quedamos muchos familiares de lado, en un tema tan delicado, y la comisi\u00f3n no fue tenida en cuenta\u201d y precisa que su madre reci\u00e9n entreg\u00f3 la muestra de ADN hace dos meses.<\/p>\n<p>Araujo, hermana del soldado clase 62 Elbio Eduardo Araujo del regimiento 7 de La Plata, refiere que prefiere hablar de \u201clocalizaci\u00f3n\u201d m\u00e1s que de \u201cidentificaci\u00f3n\u201d, y consider\u00f3 que algunos familiares se sintieron \u201cmuy lastimados cuando se habl\u00f3 de NN cuando en realidad no lo son, sino h\u00e9roes de la patria\u201d.<\/p>\n<p>\u201cS\u00e9 de muchas madres que tuvieron que reforzar su medicaci\u00f3n, que no pueden dormir ante la inminencia de los trabajos en el cementerio. Desde la comisi\u00f3n, no estamos de acuerdo en la manera que se gest\u00f3 y se llev\u00f3 adelante. Reci\u00e9n hace dos meses nos hicieron preguntas que nos deber\u00edan haber hecho hace muchos a\u00f1os\u201d, dice la mujer.<\/p>\n<p>Por su parte, Mar\u00eda de la Caridad Reyes Lobos, hermana del soldado Jos\u00e9 Antonio Reyes Lobos, tambi\u00e9n ofreci\u00f3 el ADN de su familia y cuenta que est\u00e1 \u201cmuy emocionada ante la posibilidad de poder ver la tumba\u201d de su hermano con su nombre.<\/p>\n<p>\u201cLo siento como algo pendiente despu\u00e9s de tantos a\u00f1os y tanto olvido despu\u00e9s de la guerra\u201d, dice Mar\u00eda de la Caridad, que vive en Mor\u00f3n junto a su madre Mar\u00eda de 79 a\u00f1os. \u00abElla est\u00e1 esperando que cierre este c\u00edrculo para poder irse tranquila de este mundo\u201d, dice.<\/p>\n<p>Recuerda que cuando fueron a las islas en 1991 fue \u201cmuy chocante\u201d enterarse en el mismo cementerio que la tumba de su hermano no estaba localizada.<\/p>\n<p>\u201cNos separaron por grupos. Los de color violeta eran los NN. Fue muy chocante, no sab\u00edamos d\u00f3nde colocar las flores, empezamos a deambular por el cementerio hasta que decidimos elegir una tumba\u201d, sostiene la mujer.<\/p>\n<p>\u201cFue como que le robaron la identidad. Nos vinimos muy tristes de Malvinas as\u00ed que no dudamos en firmar el consentimiento y brindar nuestro apoyo al proceso de identificaci\u00f3n desde el primer d\u00eda\u201d, dice y a\u00f1ade: \u201cEsperamos darle la sepultura digna que se merece y cerrar este c\u00edrculo que realmente angustia; es como un esperar constante porque al no tener una identidad uno, en el fondo, espera y esa espera mata\u201d.<\/p>\n<p>La misi\u00f3n en Darwin estar\u00e1 encabezada por el jefe del Plan de Proyecto Humanitario del CICR, Laurent Corbaz, quien trabajar\u00e1 junto a un equipo de 12 forenses, de los cuales dos ser\u00e1n aportados por el gobierno ingl\u00e9s -John Clark y Jon Sterenbergy- y dos por el gobierno argentino, Luis Fondebrider y Mercedes Salado, integrantes del reconocido Equipo Argentino de Antropolog\u00eda Forense (EAAF).<\/p>\n<p>La Cruz Roja calcula que la misi\u00f3n en Darwin se extender\u00e1 hasta finales de agosto y prev\u00e9 poder exhumar entre una a tres tumbas por d\u00eda, dependiendo de las condiciones clim\u00e1ticas, en tanto que el informe final -que ser\u00e1 entregado a ambos gobiernos- se conocer\u00e1 hacia finales de a\u00f1o.<\/p>\n<p>En el cementerio, cuyo acceso permanecer\u00e1 restringido al p\u00fablico hasta que termine la operaci\u00f3n, se montar\u00e1 un laboratorio en un container donde se recoger\u00e1n peque\u00f1as muestras \u00f3seas que se enviar\u00e1n al centro que posee el EAAF en C\u00f3rdoba para ser comparados con las muestras tomadas de los familiares que prestaron su consentimiento, que hasta el momento ser\u00edan unos 93.<\/p>\n<p>Fuentes de la secretar\u00eda de Derechos Humanos dijeron \u00a0que el gobierno lanzar\u00e1 en los pr\u00f3ximos d\u00edas una campa\u00f1a p\u00fablica de difusi\u00f3n para tratar de localizar a 20 familias que a\u00fan no pudieron ser rastreadas.<\/p>\n<p>Algunas de las muestras tomadas en Darwin, y elegidas al azar, se enviar\u00e1n tambi\u00e9n a los laboratorios de gen\u00e9tica forense de la Universidad Central de Lancashire, en Preston (Reino Unido), y de la Universidad de Santiago de Compostela (Espa\u00f1a) para realizar una doble comparaci\u00f3n cruzada de los resultados.<\/p>\n<p>Una vez exhumados los restos y tomadas las muestras, se inhumar\u00e1n inmediatamente en la misma tumba en un f\u00e9retro apropiado, ya que actualmente los cuerpos de los soldados est\u00e1n enterrados en bolsas mortuorias.<\/p>\n<p>Pero no solamente se podr\u00e1n identificar a trav\u00e9s del ADN, sino que tambi\u00e9n se utilizar\u00e1n los llamados datos &#8216;ante mortem&#8217;; es decir, su aspecto f\u00edsico, su historia m\u00e9dica y odontol\u00f3gica, con detalles como fracturas, piezas dentales faltantes o rasgos distintivos, e incluso por las huellas dactilares, dependiendo en las condiciones en que encuentren los restos.<\/p>\n<h6>Fuente: Los Andes<\/h6>\n","protected":false},"excerpt":{"rendered":"<p>Entre ma\u00f1ana y el martes comenzar\u00e1 la identificaci\u00f3n de los 123 soldados sepultados en las islas sin identificar. Para las familias, se mezcla la angustia y la esperanza.<\/p>\n","protected":false},"author":2,"featured_media":64388,"comment_status":"closed","ping_status":"closed","sticky":false,"template":"","format":"standard","meta":{"footnotes":""},"categories":[8],"tags":[21],"class_list":["post-64387","post","type-post","status-publish","format-standard","has-post-thumbnail","hentry","category-informe-nacional","tag-argentina"],"_links":{"self":[{"href":"http:\/\/argentinamunicipal.com.ar\/argentina\/wp-json\/wp\/v2\/posts\/64387","targetHints":{"allow":["GET"]}}],"collection":[{"href":"http:\/\/argentinamunicipal.com.ar\/argentina\/wp-json\/wp\/v2\/posts"}],"about":[{"href":"http:\/\/argentinamunicipal.com.ar\/argentina\/wp-json\/wp\/v2\/types\/post"}],"author":[{"embeddable":true,"href":"http:\/\/argentinamunicipal.com.ar\/argentina\/wp-json\/wp\/v2\/users\/2"}],"replies":[{"embeddable":true,"href":"http:\/\/argentinamunicipal.com.ar\/argentina\/wp-json\/wp\/v2\/comments?post=64387"}],"version-history":[{"count":0,"href":"http:\/\/argentinamunicipal.com.ar\/argentina\/wp-json\/wp\/v2\/posts\/64387\/revisions"}],"wp:featuredmedia":[{"embeddable":true,"href":"http:\/\/argentinamunicipal.com.ar\/argentina\/wp-json\/wp\/v2\/media\/64388"}],"wp:attachment":[{"href":"http:\/\/argentinamunicipal.com.ar\/argentina\/wp-json\/wp\/v2\/media?parent=64387"}],"wp:term":[{"taxonomy":"category","embeddable":true,"href":"http:\/\/argentinamunicipal.com.ar\/argentina\/wp-json\/wp\/v2\/categories?post=64387"},{"taxonomy":"post_tag","embeddable":true,"href":"http:\/\/argentinamunicipal.com.ar\/argentina\/wp-json\/wp\/v2\/tags?post=64387"}],"curies":[{"name":"wp","href":"https:\/\/api.w.org\/{rel}","templated":true}]}}