{"id":64423,"date":"2017-06-21T07:15:23","date_gmt":"2017-06-21T10:15:23","guid":{"rendered":"http:\/\/argentinamunicipal.com.ar\/argentina\/?p=64423"},"modified":"2017-06-21T07:15:23","modified_gmt":"2017-06-21T10:15:23","slug":"acto-vallado-solo-invitados","status":"publish","type":"post","link":"http:\/\/argentinamunicipal.com.ar\/argentina\/acto-vallado-solo-invitados\/","title":{"rendered":"Un acto vallado y solo para invitados"},"content":{"rendered":"<p>Para impedir protestas contra el Gobierno, las fuerzas de seguridad blindaron el Monumento a la Bandera. Aun as\u00ed hubo reclamos de algunos presentes contra el Presidente, que brind\u00f3 un discurso de seis minutos con un fuerte tono de campa\u00f1a.<\/p>\n<p>Con un importante vallado y estrictas medidas de seguridad, el presidente Mauricio Macri encabez\u00f3 esta ma\u00f1ana el acto por el D\u00eda de la Bandera en Rosario. Por primera vez desde el retorno a la democracia, no se realiz\u00f3 el desfile c\u00edvico, lo que gener\u00f3 mucho malestar en las autoridades locales y tambi\u00e9n entre los ex combatientes de Malvinas, quienes se retiraron del acto una vez que terminaron de entonar el Himno Nacional. No fueron los \u00fanicos descontentos con la presencia del mandatario nacional. Integrantes de la Multisectorial contra los Tarifazos, que el a\u00f1o pasado fueron reprimidos por la Gendarmer\u00eda cuando intentaron acercarse al Monumento Nacional a la Bandera, se concentraron a unas pocas cuadras del lugar para reclamar por las pol\u00edticas econ\u00f3micas del gobierno nacional, aunque en esta oportunidad no se produjeron incidentes.<\/p>\n<p>Macri, acompa\u00f1ado por su esposa Juliana Awada; el jefe de Gabinete, Marcos Pe\u00f1a; la ministra de Seguridad, Patricia Bullrich; y el ministro de Defensa, Juli\u00e1n Mart\u00ednez; lleg\u00f3 a Rosario para encabezar los actos por el D\u00eda de la Bandera. Cinco kil\u00f3metros de vallado y un importante n\u00famero de fuerzas de seguridad le dieron, por segunda vez, una nueva impronta a las celebraciones. En el m\u00e1stil del Monumento Nacional a la Bandera, el Presidente estuvo flanqueado por el gobernador de Santa Fe, Miguel Lifschitz, y la intendenta rosarina M\u00f3nica Fein.<\/p>\n<p>Los dos socialistas se ajustaron al protocolo. M\u00e1s all\u00e1 de algunos conceptos vinculados al federalismo y el financiamiento para el crecimiento, y la necesidad de que el pueblo rosarino vuelva a ser el protagonista de las celebraciones, le dedicaron la mayor parte de sus palabras a exaltar los valores de Manuel Belgrano.<\/p>\n<p>Macri tambi\u00e9n elogi\u00f3 al creador de la Bandera y afirm\u00f3 que \u201csiempre fue un incansable trabajador por el futuro de nuestra Naci\u00f3n. Innovador, emprendedor, una persona que reun\u00eda much\u00edsimas cualidades. Siempre fue un adelantado\u201d. En un discurso de s\u00f3lo seis minutos, Macri enlaz\u00f3 la historia de Belgrano con su slogan de campa\u00f1a, y dijo que el creador de la bandera nunca dej\u00f3 de hacer, con el lema de \u201cs\u00ed, se puede\u201d. Con ese nexo, el Presidente se refiri\u00f3 a su gesti\u00f3n: \u201cEstamos haciendo lo que hab\u00eda que hacer. El pa\u00eds ha comenzado a crecer.\u201d<\/p>\n<p>Como el acto era realmente escu\u00e1lido de p\u00fablico \u2013hecho de espaldas al Patio C\u00edvico del Monumento, al lado del m\u00e1stil, con invitados especiales y algunos ni\u00f1os y ni\u00f1as que llevaban la bandera\u2013 la alocuci\u00f3n del Presidente fue acompa\u00f1ada por algunos tibios aplausos y un par de gritos. La madre de una de las abanderadas presente le grit\u00f3 \u201cCien a\u00f1os\u201d, en relaci\u00f3n a la emisi\u00f3n de bonos con ese plazo. Otra mam\u00e1 alcanz\u00f3 a decir \u201cmentiroso\u201d. Las dos se vieron r\u00e1pidamente rodeadas de gendarmes.<\/p>\n<p>\u201cTambi\u00e9n sabemos que falta mucho, que hay mucha gente que no percibe las mejoras pero les digo a ellos y a todos los argentinos, estos resultados positivos que ya hemos conseguido tienen que renovarnos en la esperanza para trabajar juntos que es como vamos a lograr ese pa\u00eds grande y pujante que Belgrano so\u00f1\u00f3\u201d, agreg\u00f3 Macri.<\/p>\n<p>Entre los pocos vecinos que pudieron ingresar a unos cincuenta metros del lugar donde se realiz\u00f3 el acto, se escucharon aplausos y silbidos. \u201cFuera\u201d y \u201cm\u00e1s trabajo\u201d, gritaron algunos. Otros pudieron desplegar algunas banderas: \u201cMacri, devolvenos la dignidad\u201d, rezaba una de ellas.<\/p>\n<p>Contra los tarifazos<br \/>\nVallas, escudos y palos fue lo que encontraron los manifestantes de la Multisectorial contra los Tarifazos, cuando quisieron llegar al acto por el D\u00eda de la Bandera, en el Monumento casi vac\u00edo. Tres cuadras antes, \u00a0y en un per\u00edmetro de cinco kil\u00f3metros, cordones de la Polic\u00eda Federal, Gendarmer\u00eda y la Polic\u00eda de Seguridad Aeroportuaria imped\u00edan el ingreso de vecinos. Al acto oficial de Macri solo pod\u00edan entrar invitados especiales. Claramente, los trabajadores no eran de la partida: en carteles y c\u00e1nticos expresaron los reclamos que no fueron escuchados por el Presidente. \u201cNo hay bolsillo que aguante. Basta de tarifazos\u201d; \u201cYo todav\u00eda tengo trabajo, pero lucho por los que lo perdieron\u201d; \u201cPobreza 30,3%\u201d, rezaban las pancartas. Los c\u00e1nticos fueron en el mismo sentido: \u201cPaso, paso, paso, abajo el tarifazo\u201d, gritaron durante la marcha que parti\u00f3 desde el cruce entre las peatonales C\u00f3rdoba y San Mart\u00edn, a las 8.50. Ya en la concentraci\u00f3n, y durante los menos de 30 minutos que dur\u00f3 el acto, un buitre gigante con el rostro de Macri acapar\u00f3 la atenci\u00f3n de los presentes, mientras agitaba una banderita estadounidense, de papel. Tambi\u00e9n se destac\u00f3 un cartel que rezaba \u201cMacri gato\u201d, con la silueta del animal formada por las palabras \u201cdesocupaci\u00f3n, quita de pensiones, represi\u00f3n, son 30 mil\u201d; entre otras frases.<\/p>\n<p>Cr\u00edticas y justificaci\u00f3n<br \/>\nEl que fuera un acto popular, con desfile de agrupaciones sociales, tradicionalistas y siempre el protagonismo de los ex combatientes de Malvinas, se convirti\u00f3 en una peque\u00f1a ceremonia marcada por el temor a las manifestaciones en contra. Muy lejos de los actos multitudinarios en los que la ex presidenta Cristina Fern\u00e1ndez de Kirchner daba largos discursos. Entonces, las cr\u00edticas de medios de comunicaci\u00f3n y autoridades locales socialistas se enfocaban en la \u201cpolitizaci\u00f3n\u201d de la ceremonia. Ahora, qued\u00f3 vac\u00eda de todo significado.<\/p>\n<p>Temprano, por radio La Red, la intendenta cuestion\u00f3 el estricto operativo \u201cprofundiza la imposibilidad de reunirnos y festejar juntos algo que nos une a todos\u201d. Fein describi\u00f3 el acto que iba a poder apreciarse. \u201cMucho m\u00e1s peque\u00f1o, con mucho vallado e invitados previamente registrados\u201d, dijo e indic\u00f3 que la organizaci\u00f3n estuvo en manos de Presidencia de la Naci\u00f3n. \u201cEst\u00e1 todo definido en t\u00e9rminos de seguridad\u201d y \u201clamentablemente\u201d restringido a invitados especiales que deber\u00e1n estar \u201cidentificados con una pulsera\u201d.<\/p>\n<p>Durante el acto, el gobernador Lifschitz, por su parte, lament\u00f3 que \u201cla gente fue perdiendo protagonismo\u201d en los actos patrios.<\/p>\n<p>La ministra de Seguridad, Patricia Bullrich, justific\u00f3 las medidas de seguridad y las restricciones porque \u201chay que dividir a la gente que quiere ir al acto del D\u00eda de la Bandera de la gente que quiere ir a tener una actitud agresiva\u201d. Y dijo que la presencia de cientos de agentes se deb\u00eda a que \u201chubo en el \u00faltimo tiempo alg\u00fan tipo de manifestaciones que no han sido lo m\u00e1s democr\u00e1ticas\u201d.<\/p>\n<h6>Fuente: P\u00e1gina 12<\/h6>\n","protected":false},"excerpt":{"rendered":"<p>Para impedir protestas contra el Gobierno, las fuerzas de seguridad blindaron el Monumento a la Bandera. Aun as\u00ed hubo reclamos de algunos presentes contra el Presidente, que brind\u00f3 un discurso de seis minutos con un fuerte tono de campa\u00f1a<\/p>\n","protected":false},"author":2,"featured_media":64424,"comment_status":"closed","ping_status":"closed","sticky":false,"template":"","format":"standard","meta":{"footnotes":""},"categories":[8],"tags":[21],"class_list":["post-64423","post","type-post","status-publish","format-standard","has-post-thumbnail","hentry","category-informe-nacional","tag-argentina"],"_links":{"self":[{"href":"http:\/\/argentinamunicipal.com.ar\/argentina\/wp-json\/wp\/v2\/posts\/64423","targetHints":{"allow":["GET"]}}],"collection":[{"href":"http:\/\/argentinamunicipal.com.ar\/argentina\/wp-json\/wp\/v2\/posts"}],"about":[{"href":"http:\/\/argentinamunicipal.com.ar\/argentina\/wp-json\/wp\/v2\/types\/post"}],"author":[{"embeddable":true,"href":"http:\/\/argentinamunicipal.com.ar\/argentina\/wp-json\/wp\/v2\/users\/2"}],"replies":[{"embeddable":true,"href":"http:\/\/argentinamunicipal.com.ar\/argentina\/wp-json\/wp\/v2\/comments?post=64423"}],"version-history":[{"count":0,"href":"http:\/\/argentinamunicipal.com.ar\/argentina\/wp-json\/wp\/v2\/posts\/64423\/revisions"}],"wp:featuredmedia":[{"embeddable":true,"href":"http:\/\/argentinamunicipal.com.ar\/argentina\/wp-json\/wp\/v2\/media\/64424"}],"wp:attachment":[{"href":"http:\/\/argentinamunicipal.com.ar\/argentina\/wp-json\/wp\/v2\/media?parent=64423"}],"wp:term":[{"taxonomy":"category","embeddable":true,"href":"http:\/\/argentinamunicipal.com.ar\/argentina\/wp-json\/wp\/v2\/categories?post=64423"},{"taxonomy":"post_tag","embeddable":true,"href":"http:\/\/argentinamunicipal.com.ar\/argentina\/wp-json\/wp\/v2\/tags?post=64423"}],"curies":[{"name":"wp","href":"https:\/\/api.w.org\/{rel}","templated":true}]}}