{"id":64426,"date":"2017-06-21T07:19:05","date_gmt":"2017-06-21T10:19:05","guid":{"rendered":"http:\/\/argentinamunicipal.com.ar\/argentina\/?p=64426"},"modified":"2017-06-21T07:19:05","modified_gmt":"2017-06-21T10:19:05","slug":"basta-al-ajuste","status":"publish","type":"post","link":"http:\/\/argentinamunicipal.com.ar\/argentina\/basta-al-ajuste\/","title":{"rendered":"\u201cBasta al ajuste\u201d"},"content":{"rendered":"<p>Legisladores, intendentes y otros dirigentes destacaron tanto la conformaci\u00f3n del \u201cnuevo espacio pol\u00edtico\u201d y el rol de Cristina Kirchner como el clima de \u201cfiesta popular\u201d que se vivi\u00f3 en el estadio de Arsenal.<\/p>\n<p>Aunque no hubo un palco en el que pudieran lucirse para la foto ni un escenario en el cual disputar los lugares m\u00e1s cercanos a Cristina Fern\u00e1ndez de Kirchner, en el acto de ayer en Sarand\u00ed se mostraron numerosos dirigentes pol\u00edticos, sociales y sindicales de todas las fuerzas que conforman el flamante espacio Unidad Ciudadana, que se acercaron al estadio de Arsenal para manifestar su apoyo y adherir al nuevo frente electoral. A cinco d\u00edas del cierre de listas, opinaron sobre el rol que tendr\u00e1 la ex presidenta de ac\u00e1 a octubre, destacaron que UC es el \u00fanico espacio verdaderamente opositor a las pol\u00edticas del Gobierno y aseguraron que los referentes de otros espacios tienen abiertas las puertas para la unidad hasta la \u00faltima hora del s\u00e1bado.<\/p>\n<p>La intendenta de La Matanza, Ver\u00f3nica Magario, sostuvo en ese sentido que el de ayer fue el nacimiento de \u201cun nuevo espacio pol\u00edtico\u201d que \u201cconvoca a todo el pueblo argentino y a todos los ciudadanos\u201d para decirles \u201cno al ajuste y a las pol\u00edticas econ\u00f3micas\u201d que lleva adelante el presidente Mauricio Macri. \u201cEstoy contenta de que nuestra gente vuelva a tener la posibilidad de saber que hay una oposici\u00f3n que se est\u00e1 organizando y se pone al frente. Esto va m\u00e1s all\u00e1 de los partidos y trasciende con un gran llamado a todos los que quieran defender a la gente. Queremos la unidad\u201d, dijo Magario, en un mensaje por elevaci\u00f3n a Florencio Randazzo.<\/p>\n<p>El jefe comunal de Ensenada, Mario Secco, apunt\u00f3 contra Florencio Randazzo por negarse a formar parte del armado que encabeza CFK. \u201cCreo que el Flaco se equivoca en no haber aceptado estar todos juntos, en esta organizaci\u00f3n y unidad que estamos haciendo en la provincia. Va a pagar muy caro pol\u00edticamente y de por vida estos errores que est\u00e1 cometiendo. Haber hecho que todo el peronismo se desprenda del PJ por sus intenciones personalistas va a ser castigado\u201d, se\u00f1al\u00f3. Para Secco, \u201cest\u00e1 clar\u00edsimo que es necesaria la aparici\u00f3n de Cristina para salvar el peronismo\u201d porque \u201cno hay otra candidata que pueda lograr\u201d el triunfo de la oposici\u00f3n en la provincia de Buenos Aires. \u201cEs la gran electora. Si Cristina se presenta, es muy fuerte. Eso nos dar\u00e1 la posibilidad de volver a ganar. Cualquier otro dirigente o intendente que se presentara est\u00e1 condenado a la derrota\u201d, agreg\u00f3, aunque la ex presidenta a\u00fan no confirm\u00f3 si su nombre estar\u00e1 en la boleta. \u201cEl liberalismo est\u00e1 peg\u00e1ndoles tan feo a los que m\u00e1s lo necesitan que no cabe duda de que el Gobierno va a tener un cachetazo electoral bastante importante\u201d, concluy\u00f3.<\/p>\n<p>Por su parte, el ex candidato presidencial Daniel Scioli se\u00f1al\u00f3 que Unidad Ciudadana \u201ces un paso superador de lo que fue en su momento el Frente para la Victoria, porque incluye tambi\u00e9n a los que siguieron a Macri y ahora sienten una frustraci\u00f3n porque no se ha cumplido con las promesas\u201d que el Presidente realiz\u00f3 durante la \u00faltima campa\u00f1a. Para el ex gobernador, el apoyo popular a la ex mandataria se explica porque \u201cla gente quiere volver a vivir mejor\u201d. En la misma direcci\u00f3n, el ex ministro de Trabajo Carlos Tomada habl\u00f3 del \u201cdesaf\u00edo\u201d de \u201campliar la representaci\u00f3n\u201d y \u201cno solamente hablarles a los sectores vulnerados y a los trabajadores, sino a todos aquellos agredidos por las pol\u00edticas de este \u00faltimo a\u00f1o y medio\u201d.<\/p>\n<p>Mart\u00edn Sabbatella, titular de Nuevo Encuentro, uno de los partidos que conforman la UC, destac\u00f3 que el acto que lider\u00f3 CFK fue \u201cuna fiesta popular muy emotiva, llena de alegr\u00eda y entusiasmo que contrast\u00f3 con la tristeza que existe en todo el pa\u00eds despu\u00e9s de un a\u00f1o y medio de pol\u00edticas econ\u00f3micas\u201d del macrismo.<\/p>\n<p>Para la diputada Teresa Garc\u00eda, lo que dijo ayer CFK \u201ces la expresi\u00f3n de lo que viene diciendo desde diciembre de 2015 y que repiti\u00f3 en cada mensaje p\u00fablico: no hay otra posibilidad que la de construir un frente pol\u00edtico y social para ponerles freno a las pol\u00edticas econ\u00f3micas del Gobierno sin la inclusi\u00f3n de todos los sectores\u201d. Su compa\u00f1era de bancada, Diana Conti, agreg\u00f3 que \u201cCristina vino una vez m\u00e1s a ponerse al lado del pueblo que la reclama\u201d. Para la legisladora, Fern\u00e1ndez de Kirchner \u201cva a jugar con alma y vida para decirle basta a Macri y basta al ajuste\u201d.<\/p>\n<p>Otro que se acerc\u00f3 ayer hasta Sarand\u00ed fue el dirigente radical Leopoldo Moreau, que opin\u00f3 que la ex presidenta \u201cpuso en carne viva y le dio rostro al sufrimiento que est\u00e1n teniendo los distintos sectores sociales de la Argentina por esta pol\u00edtica que hace un a\u00f1o y medio viene poniendo en crisis el trabajo, la producci\u00f3n, la industria, el comercio, el consumo, la educaci\u00f3n y la salud p\u00fablica\u201d. Para el referente del Movimiento Nacional Alfonsinista, la reaparici\u00f3n de CFK \u201cle da una expectativa de esperanza al pueblo argentino\u201d. En tanto, el intendente de Moreno, Walter Festa, destac\u00f3 que \u201cante los ajustes y la falta de sensibilidad del gobierno de Macri\u201d la propuesta es conformar \u201cun frente que represente a las personas de carne y hueso que hoy est\u00e1n sufriendo\u201d.<\/p>\n<h6>Fuetne: P\u00e1gina 12<\/h6>\n","protected":false},"excerpt":{"rendered":"<p>Legisladores, intendentes y otros dirigentes destacaron tanto la conformaci\u00f3n del \u201cnuevo espacio pol\u00edtico\u201d y el rol de Cristina Kirchner como el clima de \u201cfiesta popular\u201d que se vivi\u00f3 en el estadio de Arsenal.<\/p>\n","protected":false},"author":2,"featured_media":64427,"comment_status":"closed","ping_status":"closed","sticky":false,"template":"","format":"standard","meta":{"footnotes":""},"categories":[8],"tags":[21],"class_list":["post-64426","post","type-post","status-publish","format-standard","has-post-thumbnail","hentry","category-informe-nacional","tag-argentina"],"_links":{"self":[{"href":"http:\/\/argentinamunicipal.com.ar\/argentina\/wp-json\/wp\/v2\/posts\/64426","targetHints":{"allow":["GET"]}}],"collection":[{"href":"http:\/\/argentinamunicipal.com.ar\/argentina\/wp-json\/wp\/v2\/posts"}],"about":[{"href":"http:\/\/argentinamunicipal.com.ar\/argentina\/wp-json\/wp\/v2\/types\/post"}],"author":[{"embeddable":true,"href":"http:\/\/argentinamunicipal.com.ar\/argentina\/wp-json\/wp\/v2\/users\/2"}],"replies":[{"embeddable":true,"href":"http:\/\/argentinamunicipal.com.ar\/argentina\/wp-json\/wp\/v2\/comments?post=64426"}],"version-history":[{"count":0,"href":"http:\/\/argentinamunicipal.com.ar\/argentina\/wp-json\/wp\/v2\/posts\/64426\/revisions"}],"wp:featuredmedia":[{"embeddable":true,"href":"http:\/\/argentinamunicipal.com.ar\/argentina\/wp-json\/wp\/v2\/media\/64427"}],"wp:attachment":[{"href":"http:\/\/argentinamunicipal.com.ar\/argentina\/wp-json\/wp\/v2\/media?parent=64426"}],"wp:term":[{"taxonomy":"category","embeddable":true,"href":"http:\/\/argentinamunicipal.com.ar\/argentina\/wp-json\/wp\/v2\/categories?post=64426"},{"taxonomy":"post_tag","embeddable":true,"href":"http:\/\/argentinamunicipal.com.ar\/argentina\/wp-json\/wp\/v2\/tags?post=64426"}],"curies":[{"name":"wp","href":"https:\/\/api.w.org\/{rel}","templated":true}]}}