{"id":64438,"date":"2017-06-21T06:37:12","date_gmt":"2017-06-21T09:37:12","guid":{"rendered":"http:\/\/argentinamunicipal.com.ar\/argentina\/?p=64438"},"modified":"2017-06-21T07:40:33","modified_gmt":"2017-06-21T10:40:33","slug":"confirman-ola-subas-bienes-consumo-masivo","status":"publish","type":"post","link":"http:\/\/argentinamunicipal.com.ar\/argentina\/confirman-ola-subas-bienes-consumo-masivo\/","title":{"rendered":"Confirman ola de subas en bienes de consumo masivo"},"content":{"rendered":"<p>La C\u00e1mara Argentina de Supermercados dijo que las grandes proveedoras de alimentos y art\u00edculos de limpieza aumentaron un 14 por ciento de un golpe<\/p>\n<p>Las principales empresas alimentarias y productoras de art\u00edculos de consumo masivo aumentaron sus precios hasta un 14 por ciento de una sola vez el \u00faltimo fin de semana, aseguraron ayer dirigentes supermercadistas.<\/p>\n<p>La suba fue confirmada por el vocero de la C\u00e1mara Argentina de Supermercados (CAS), Fernando Aguirre, quien dijo que \u00abno hay ninguna justificaci\u00f3n\u00bb para que las industrias proveedoras hayan aplicado este ajuste.<\/p>\n<p>\u00abS\u00ed es verdad, es as\u00ed, hubo aumentos; en algunos casos las subas llegan hasta el 14 por ciento, como en el caso de las bebidas gaseosas de las principales marcas\u00bb, sostuvo Aguirre en declaraciones a radio El Mundo.<\/p>\n<p>Entre las empresas que incrementaron los precios de sus alimentos y productos de higiene personal est\u00e1n Arcor, Procter, Pe\u00f1aflor, Molinos R\u00edo de la Plata, Danone, Coca Cola, Quilmes y Pepsi.<\/p>\n<p>Seg\u00fan sostuvo el vocero de los supermercados independientes, el fin de semana pasado se registr\u00f3 \u00abuna verdadera oleada de aumentos, que fue comunicada a las autoridades del gobierno, pero no hay ninguna respuesta\u00bb.<\/p>\n<p>En este escenario, los supermercados independientes tienen las opciones de dejar de vender los productos que incrementaron sus precios o trasladar los aumentos a las g\u00f3ndolas, lo que finalmente siempre ocurre.<\/p>\n<p>\u00abAlgunas gaseosas subieron 14 por ciento sus precios durante el \u00faltimo fin de semana, los ajustes fueron de entre 5 por ciento y 14 por ciento, pr\u00e1cticamente no hubo proveedor que no ajust\u00f3 sus precios en los \u00faltimos d\u00edas\u00bb, puntualiz\u00f3 el vocero.<\/p>\n<p>Aguirre indic\u00f3 que estos aumentos habr\u00edan sido decididos por las empresas para \u00abcubrirse de los aumentos de salarios\u00bb que deben comenzar a pagar, adem\u00e1s de un incremento en los servicios como la electricidad y el agua.<\/p>\n<p>\u00abPero cuando viene una lista de precios con incrementos nadie justifica por qu\u00e9 se dan\u00bb, aclar\u00f3 el vocero, e indic\u00f3 que el comerciante independiente \u00abest\u00e1 muy preocupado\u00bb porque hoy existe una \u00abcompetencia feroz\u00bb dada por las grandes cadenas, los mayoristas y los supermercados asi\u00e1ticos.<\/p>\n<p>El vocero sostuvo tambi\u00e9n que los precios en la Argentina se forman en varias etapas de la cadena, con lo que descart\u00f3 que sean los supermercados independientes los que deciden el valor de un producto puesto en g\u00f3ndola.<\/p>\n<p><strong>Muy complicados<\/strong><\/p>\n<p>\u00abAspiramos a que el consumo se recomponga en el segundo semestre de este a\u00f1o porque llevamos trece meses de ca\u00edda y estamos muy complicados con ventas muy bajas\u00bb, expres\u00f3 el vocero de los supermercadistas.<\/p>\n<p>En tanto, indic\u00f3 que el sector piensa que en el \u00faltimo semestre del a\u00f1o las ventas pueden empezar a mejorar porque \u00abhay elementos que muestran que esto puede llegar as\u00ed, pero no hay ninguna seguridad porque tambi\u00e9n se pensaba lo mismo para el arranque de 2017 y no pas\u00f3\u00bb.<\/p>\n<p>Aguirre consider\u00f3 que \u00abno es suficiente\u00bb la baja de la inflaci\u00f3n, pero indic\u00f3 que hay que reconocer que se baj\u00f3 a la mitad, del 40 por ciento anual al 20 por ciento anual, mientras los comerciantes aspiran a que los incrementos sean cada vez menores\u00bb.<\/p>\n<p>\u00abNada justifica estos aumentos del 10 o 14 por ciento de un momento para otro; el fuego se va apagando pero una peque\u00f1a brisa lo reaviva. Esto deber\u00eda dejar de suceder\u00bb, dijo el vocero de los supermercadistas.<\/p>\n<p>El valor de la canasta de alimentos que releva Consumidores Libres se encareci\u00f3 en la primera quincena de junio 0,86 por ciento y acumul\u00f3 en lo que va del a\u00f1o una suba de 8,56 por ciento, inform\u00f3 esta entidad de defensa del consumidor.<\/p>\n<p><strong>Junio caliente<\/strong><\/p>\n<p>Seg\u00fan el sondeo, de los 38 productos relevados, 20 de ellos aumentaron de precio en los primeros quince d\u00edas de este mes, 9 bajaron y 9 permanecieron sin cambio.<\/p>\n<p>Pese a esto, en Rosario el presidente Mauricio Macri insisti\u00f3 en se\u00f1alar que la inflaci\u00f3n est\u00e1 bajando y que la inflaci\u00f3n de este a\u00f1o \u00abser\u00e1 la m\u00e1s baja desde 2009\u00bb.<\/p>\n<p>En l\u00ednea con lo que hab\u00eda sostenido el jefe de Gabinete, Marcos Pe\u00f1a, en el Congreso semanas atr\u00e1s, el jefe del Estado remarc\u00f3 que la actividad econ\u00f3mica comenz\u00f3 a recuperarse desde principios de a\u00f1o.<\/p>\n<p>\u00abRecuperamos los puestos de trabajo que se perdieron el a\u00f1o pasado y cada d\u00eda se generan nuevas oportunidades\u00bb, se\u00f1al\u00f3 Macri, y agreg\u00f3: \u00abHemos bajado la inflaci\u00f3n, que va a ser la m\u00e1s baja desde 2009\u00bb. Luego lament\u00f3 que haya un sector de la poblaci\u00f3n que no ve las se\u00f1ales de recuperaci\u00f3n econ\u00f3mica y ratific\u00f3 el rumbo de su gobierno: \u00abEstamos haciendo lo que hab\u00eda que hacer, el pa\u00eds ha comenzado a crecer\u00bb.<\/p>\n<h6>Fuente: La Capital Rosario<\/h6>\n","protected":false},"excerpt":{"rendered":"<p>La C\u00e1mara Argentina de Supermercados dijo que las grandes proveedoras de alimentos y art\u00edculos de limpieza aumentaron un 14 por ciento de un golpe<\/p>\n","protected":false},"author":2,"featured_media":64439,"comment_status":"closed","ping_status":"closed","sticky":false,"template":"","format":"standard","meta":{"footnotes":""},"categories":[8],"tags":[21],"class_list":["post-64438","post","type-post","status-publish","format-standard","has-post-thumbnail","hentry","category-informe-nacional","tag-argentina"],"_links":{"self":[{"href":"http:\/\/argentinamunicipal.com.ar\/argentina\/wp-json\/wp\/v2\/posts\/64438","targetHints":{"allow":["GET"]}}],"collection":[{"href":"http:\/\/argentinamunicipal.com.ar\/argentina\/wp-json\/wp\/v2\/posts"}],"about":[{"href":"http:\/\/argentinamunicipal.com.ar\/argentina\/wp-json\/wp\/v2\/types\/post"}],"author":[{"embeddable":true,"href":"http:\/\/argentinamunicipal.com.ar\/argentina\/wp-json\/wp\/v2\/users\/2"}],"replies":[{"embeddable":true,"href":"http:\/\/argentinamunicipal.com.ar\/argentina\/wp-json\/wp\/v2\/comments?post=64438"}],"version-history":[{"count":0,"href":"http:\/\/argentinamunicipal.com.ar\/argentina\/wp-json\/wp\/v2\/posts\/64438\/revisions"}],"wp:featuredmedia":[{"embeddable":true,"href":"http:\/\/argentinamunicipal.com.ar\/argentina\/wp-json\/wp\/v2\/media\/64439"}],"wp:attachment":[{"href":"http:\/\/argentinamunicipal.com.ar\/argentina\/wp-json\/wp\/v2\/media?parent=64438"}],"wp:term":[{"taxonomy":"category","embeddable":true,"href":"http:\/\/argentinamunicipal.com.ar\/argentina\/wp-json\/wp\/v2\/categories?post=64438"},{"taxonomy":"post_tag","embeddable":true,"href":"http:\/\/argentinamunicipal.com.ar\/argentina\/wp-json\/wp\/v2\/tags?post=64438"}],"curies":[{"name":"wp","href":"https:\/\/api.w.org\/{rel}","templated":true}]}}