{"id":64441,"date":"2017-06-21T07:44:19","date_gmt":"2017-06-21T10:44:19","guid":{"rendered":"http:\/\/argentinamunicipal.com.ar\/argentina\/?p=64441"},"modified":"2017-06-21T07:44:19","modified_gmt":"2017-06-21T10:44:19","slug":"la-intendenta-rosario-critico-las-vallas","status":"publish","type":"post","link":"http:\/\/argentinamunicipal.com.ar\/argentina\/la-intendenta-rosario-critico-las-vallas\/","title":{"rendered":"La intendenta de Rosario\u00a0critic\u00f3 las vallas"},"content":{"rendered":"<p>La intendenta se refiri\u00f3 al \u00abexcesivo\u00bb operativo de seguridad que impidi\u00f3 a la gente participar del acto encabezado por el presidente Macri. Dijo que no hubo desfile por esa disposici\u00f3n del gobierno nacional<\/p>\n<p>Tras el breve acto protocolar encabezado por el presidente Mauricio Macri este martes en el Monumento Nacional a la Bandera, que fue vallado tres cuadras a la redonda, por orden del gobierno nacional, la intendenta M\u00f3nica Fein abog\u00f3 por futuros actos con mayor participaci\u00f3n ciudadana y destac\u00f3 que ella camin\u00f3 sin inconvenientes por el Parque a la Bandera.<\/p>\n<p>La mandataria local cont\u00f3, en di\u00e1logo con el programa La Primera de la Tarde (Radio 2) que luego de la partida del presidente y el levantamiento de las vallas, comenz\u00f3 una fiesta con la presencia de unas 100 mil personas en el Monumento, adem\u00e1s de 70 equipos de asado a la estaca, tres escenarios y m\u00e1s de 200 feriantes.<\/p>\n<p>\u201cHay gente de todos los barrios, es una gran fiesta, y s\u00ed es verdad que todos esperamos un acto sin vallas. Esta tarde estamos en un acto en el que podemos caminar, recorrer, porque la gente est\u00e1 de festejo. Yo pude caminar el parque sin ning\u00fan inconveniente\u201d, remarc\u00f3 la intendenta.<\/p>\n<p>\u201cTenemos que reflexionar todos los argentinos. Del gobierno anterior dec\u00edamos que partidizaba el acto; ahora, el excesivo vallado de este gobierno nacional. Por eso creo que deber\u00edamos reflexionar sobre la posibilidad de unirnos como lo hicimos con Alta en el Cielo, m\u00e1s all\u00e1 de las diferencias partidarias y electorales\u201d, dijo Fein.<\/p>\n<p>Adem\u00e1s, desliz\u00f3 que \u201chay que pensar un nuevo desfile\u00bb. \u00abYa no existe como antes el desfile tan militar, habr\u00e1 que pensar c\u00f3mo lo ponemos en escena otra vez, porque el vallado nos impide pensar las dos cosas\u201d, se\u00f1al\u00f3.<\/p>\n<p>Adem\u00e1s, la intendenta dijo que ten\u00eda expectativa de tener unos minutos con el presidente Macri, ya que hab\u00eda un di\u00e1logo pendiente, pero no lo pudo concretar. No obstante, destac\u00f3 que el jefe de Gobierno haya venido a la ciudad el D\u00eda de la Bandera.<\/p>\n<p>En relaci\u00f3n con el acto encabezado por la ex presidenta Cristina Kirchner en la cancha de Arsenal, donde lanz\u00f3 \u201cUnidad Ciudadana\u201d, Fein dijo: \u201cEst\u00e1 en su derecho. Est\u00e1 en el marco de la ley y est\u00e1 en condiciones de ser candidata, pero desde mi punto de vista, representa el pasado\u00bb.<\/p>\n<p>\u00abEs una historia que vivimos, que tuvo sus claroscuros, sobre todo la corrupci\u00f3n que debe ser investigada y aclarada. Lo dem\u00e1s es un debate pol\u00edtico\u201d, concluy\u00f3.<\/p>\n<h6>Fuente: Sin Mordaza<\/h6>\n","protected":false},"excerpt":{"rendered":"<p>La intendenta se refiri\u00f3 al \u00abexcesivo\u00bb operativo de seguridad que impidi\u00f3 a la gente participar del acto encabezado por el presidente Macri. Dijo que no hubo desfile por esa disposici\u00f3n del gobierno nacional <\/p>\n","protected":false},"author":2,"featured_media":64442,"comment_status":"closed","ping_status":"closed","sticky":false,"template":"","format":"standard","meta":{"footnotes":""},"categories":[4],"tags":[10],"class_list":["post-64441","post","type-post","status-publish","format-standard","has-post-thumbnail","hentry","category-informe-politico","tag-santa-fe"],"_links":{"self":[{"href":"http:\/\/argentinamunicipal.com.ar\/argentina\/wp-json\/wp\/v2\/posts\/64441","targetHints":{"allow":["GET"]}}],"collection":[{"href":"http:\/\/argentinamunicipal.com.ar\/argentina\/wp-json\/wp\/v2\/posts"}],"about":[{"href":"http:\/\/argentinamunicipal.com.ar\/argentina\/wp-json\/wp\/v2\/types\/post"}],"author":[{"embeddable":true,"href":"http:\/\/argentinamunicipal.com.ar\/argentina\/wp-json\/wp\/v2\/users\/2"}],"replies":[{"embeddable":true,"href":"http:\/\/argentinamunicipal.com.ar\/argentina\/wp-json\/wp\/v2\/comments?post=64441"}],"version-history":[{"count":0,"href":"http:\/\/argentinamunicipal.com.ar\/argentina\/wp-json\/wp\/v2\/posts\/64441\/revisions"}],"wp:featuredmedia":[{"embeddable":true,"href":"http:\/\/argentinamunicipal.com.ar\/argentina\/wp-json\/wp\/v2\/media\/64442"}],"wp:attachment":[{"href":"http:\/\/argentinamunicipal.com.ar\/argentina\/wp-json\/wp\/v2\/media?parent=64441"}],"wp:term":[{"taxonomy":"category","embeddable":true,"href":"http:\/\/argentinamunicipal.com.ar\/argentina\/wp-json\/wp\/v2\/categories?post=64441"},{"taxonomy":"post_tag","embeddable":true,"href":"http:\/\/argentinamunicipal.com.ar\/argentina\/wp-json\/wp\/v2\/tags?post=64441"}],"curies":[{"name":"wp","href":"https:\/\/api.w.org\/{rel}","templated":true}]}}