{"id":64480,"date":"2017-06-22T07:05:26","date_gmt":"2017-06-22T10:05:26","guid":{"rendered":"http:\/\/argentinamunicipal.com.ar\/argentina\/?p=64480"},"modified":"2017-06-22T07:05:26","modified_gmt":"2017-06-22T10:05:26","slug":"33-ciento-los-trabajadores-esta-negro","status":"publish","type":"post","link":"http:\/\/argentinamunicipal.com.ar\/argentina\/33-ciento-los-trabajadores-esta-negro\/","title":{"rendered":"El 33 por ciento de los trabajadores est\u00e1 en negro"},"content":{"rendered":"<p>As\u00ed surge de los datos dados a conocer por el Indec, que se\u00f1ala que la cifra abarca a 4 millones de asalariados.<\/p>\n<p>En medio de la recesi\u00f3n que azota al pa\u00eds, el Indec confirm\u00f3 los altos \u00edndices de desocupaci\u00f3n e informalidad laboral: el 33,3 por ciento de los trabajadores lo hace en la informalidad.<\/p>\n<p>Se trata de 4 millones de personas que trabajan pero no reciben aportes jubilatorios ni acceso a la seguridad social.<\/p>\n<p>Seg\u00fan los n\u00fameros del Instituto Nacional de Estad\u00edstica y Censos (Indec), el porcentaje de trabajo informal se dispara en el Noroeste del pa\u00eds, donde los trabajadores en negro llegan al 40,7 por ciento de todos los asalariados.<\/p>\n<p>Asimismo, los datos caen con fuerza en la Patagonia, donde la tasa es del 18,9 por ciento.<\/p>\n<p>El Noreste, en tanto, tiene un porcentaje del 34,1, mientras que en la regi\u00f3n de Cuyo la informalidad laboral es de 35,2 por ciento. En la Pampeana es de 32,7<\/p>\n<p>En la regi\u00f3n metropolitana, en tanto, donde se concentra la mayor cantidad de trabajadores asalariados, el trabajo no registrado se maneja dentro de la media nacional con una tasa de 33,2 por ciento.<\/p>\n<p>En cuanto a la desocupaci\u00f3n, las mujeres son las m\u00e1s castigadas, con el 10,2 por cientoo frente al 8,5 de los hombres. En tanto, las j\u00f3venes de hasta 29 a\u00f1os son las m\u00e1s perjudicadas (20,5 %) seguidas por los varones hasta esa edad (17,2 %).<\/p>\n<h6>Fuente: InfoNews<\/h6>\n","protected":false},"excerpt":{"rendered":"<p>As\u00ed surge de los datos dados a conocer por el Indec, que se\u00f1ala que la cifra abarca a 4 millones de asalariados.<\/p>\n","protected":false},"author":2,"featured_media":64481,"comment_status":"closed","ping_status":"closed","sticky":false,"template":"","format":"standard","meta":{"footnotes":""},"categories":[8],"tags":[21],"class_list":["post-64480","post","type-post","status-publish","format-standard","has-post-thumbnail","hentry","category-informe-nacional","tag-argentina"],"_links":{"self":[{"href":"http:\/\/argentinamunicipal.com.ar\/argentina\/wp-json\/wp\/v2\/posts\/64480","targetHints":{"allow":["GET"]}}],"collection":[{"href":"http:\/\/argentinamunicipal.com.ar\/argentina\/wp-json\/wp\/v2\/posts"}],"about":[{"href":"http:\/\/argentinamunicipal.com.ar\/argentina\/wp-json\/wp\/v2\/types\/post"}],"author":[{"embeddable":true,"href":"http:\/\/argentinamunicipal.com.ar\/argentina\/wp-json\/wp\/v2\/users\/2"}],"replies":[{"embeddable":true,"href":"http:\/\/argentinamunicipal.com.ar\/argentina\/wp-json\/wp\/v2\/comments?post=64480"}],"version-history":[{"count":0,"href":"http:\/\/argentinamunicipal.com.ar\/argentina\/wp-json\/wp\/v2\/posts\/64480\/revisions"}],"wp:featuredmedia":[{"embeddable":true,"href":"http:\/\/argentinamunicipal.com.ar\/argentina\/wp-json\/wp\/v2\/media\/64481"}],"wp:attachment":[{"href":"http:\/\/argentinamunicipal.com.ar\/argentina\/wp-json\/wp\/v2\/media?parent=64480"}],"wp:term":[{"taxonomy":"category","embeddable":true,"href":"http:\/\/argentinamunicipal.com.ar\/argentina\/wp-json\/wp\/v2\/categories?post=64480"},{"taxonomy":"post_tag","embeddable":true,"href":"http:\/\/argentinamunicipal.com.ar\/argentina\/wp-json\/wp\/v2\/tags?post=64480"}],"curies":[{"name":"wp","href":"https:\/\/api.w.org\/{rel}","templated":true}]}}