{"id":64486,"date":"2017-06-22T07:26:24","date_gmt":"2017-06-22T10:26:24","guid":{"rendered":"http:\/\/argentinamunicipal.com.ar\/argentina\/?p=64486"},"modified":"2017-06-22T07:26:24","modified_gmt":"2017-06-22T10:26:24","slug":"dos-veces-mas-desocupados","status":"publish","type":"post","link":"http:\/\/argentinamunicipal.com.ar\/argentina\/dos-veces-mas-desocupados\/","title":{"rendered":"Dos veces m\u00e1s desocupados"},"content":{"rendered":"<p>Las mujeres de hasta 29 a\u00f1os sufren una tasa de desempleo del 20,1 por ciento, mientras que entre los varones se ubica en 17,2. La desocupaci\u00f3n general es del 9,2. La informalidad laboral afecta al 33,3 por ciento.<\/p>\n<p>La tasa de desocupaci\u00f3n entre los j\u00f3venes duplica los niveles observados en toda la econom\u00eda. En el primer trimestre del a\u00f1o, el 20,1 por ciento de las mujeres y el 17,2 por ciento de los varones hasta 29 a\u00f1os estaban desocupados mientras que el desempleo general marc\u00f3 9,2 por ciento. Aun as\u00ed, la medici\u00f3n del Indec subestima la problem\u00e1tica, dado que considera desempleo juvenil aquel que se produce hasta los 29 a\u00f1os, mientras que la Organizaci\u00f3n Internacional del Trabajo (OIT) lo sit\u00faa entre los 15 y 24 a\u00f1os. Al incluir a los adultos j\u00f3venes (25-29 a\u00f1os), el recorte utilizado por el organismo oficial incorpora personas con menos problemas de trabajo y, por lo tanto, minimiza el porcentaje de desocupaci\u00f3n juvenil. Una estimaci\u00f3n realizada el a\u00f1o pasado por el Centro de Investigaci\u00f3n para los Trabajadores (CITRA)-Conicet que funciona en la Universidad Metropolitana para la Educaci\u00f3n y el Trabajo (UMET) estim\u00f3 que en el segundo trimestre del a\u00f1o pasado el desempleo juvenil fue 2,6 veces superior al promedio en el pa\u00eds.<\/p>\n<p>El informe publicado ayer muestra que un tercio de los asalariados est\u00e1n ocupados en condiciones informales. La cifra publicada para el primer trimestres es 33,3 por ciento de asalariados sin descuento jubilatorio. Como el Indec hab\u00eda suspendido la publicaci\u00f3n de sus datos no hay posibilidad de comparar con el mismo per\u00edodo del a\u00f1o pasado. Durante 2016, las cifras difundidas estuvieron siempre en el orden del 33-34 por ciento. Esas cifras no muestran una variaci\u00f3n significativa frente a las publicadas por el gobierno anterior. Entre 2003 y 2015 la informalidad se redujo de 49,1 a 33 por ciento. La ca\u00edda de 17 puntos porcentuales representa un quiebre en la trayectoria ascendente inaugurada con la instalaci\u00f3n del modelo de acumulaci\u00f3n neoliberal a mediados de los \u201870. Pero, si bien los niveles actuales son m\u00e1s bajos que los exhibidos por el resto de las econom\u00edas de la regi\u00f3n, todav\u00eda se ubican por encima de los registros observados en Argentina entre 1977 y 1994.<\/p>\n<p>Entre las principales propuestas del ministro de Trabajo, Jorge Triaca, para minimizar los niveles de informalidad laboral figura la reducci\u00f3n de los aportes personales y las contribuciones patronales. La semana pasada, cuando se conocieron las cifras de desempleo, el funcionario desestim\u00f3 el impacto de la recesi\u00f3n sobre la ocupaci\u00f3n, aunque el 9,2 por ciento marc\u00f3 el nivel m\u00e1s alto para un primer trimestre en una d\u00e9cada. El ministro consider\u00f3 que \u201clos costos laborales no salariales\u201d, como las contribuciones patronales y aportes personales, y la \u201cindustria del juicio\u201d son los principales impedimentos para que \u201cmuchos trabajadores accedan a un puesto de trabajo\u201d. Esas pol\u00edticas no fueron efectivas a lo largo de la historia para la creaci\u00f3n de empleo de calidad sino que desfinanciaron los sistemas de la seguridad social en un contexto de crecimiento de la informalidad. Los beneficios fiscales no son una herramienta inv\u00e1lida en una pol\u00edtica integral de combate al trabajo no registrado. Pero su alcance es limitado e insuficiente para estimular la demanda de empleo formal. La experiencia internacional evidencia que esas pol\u00edticas deben ser acompa\u00f1adas por acciones de control que desincentiven la contrataci\u00f3n de trabajo no registrado. Las mejoras se observan en cambio mediante pol\u00edticas espec\u00edficas sobre el mercado laboral y con el fortalecimiento del mercado interno, mejorando el ingreso de los trabajadores.<\/p>\n<h6>Fuente: P\u00e1gina 12<\/h6>\n","protected":false},"excerpt":{"rendered":"<p>Las mujeres de hasta 29 a\u00f1os sufren una tasa de desempleo del 20,1 por ciento, mientras que entre los varones se ubica en 17,2. La desocupaci\u00f3n general es del 9,2. La informalidad laboral afecta al 33,3 por ciento.<\/p>\n","protected":false},"author":2,"featured_media":64487,"comment_status":"closed","ping_status":"closed","sticky":false,"template":"","format":"standard","meta":{"footnotes":""},"categories":[8],"tags":[21],"class_list":["post-64486","post","type-post","status-publish","format-standard","has-post-thumbnail","hentry","category-informe-nacional","tag-argentina"],"_links":{"self":[{"href":"http:\/\/argentinamunicipal.com.ar\/argentina\/wp-json\/wp\/v2\/posts\/64486","targetHints":{"allow":["GET"]}}],"collection":[{"href":"http:\/\/argentinamunicipal.com.ar\/argentina\/wp-json\/wp\/v2\/posts"}],"about":[{"href":"http:\/\/argentinamunicipal.com.ar\/argentina\/wp-json\/wp\/v2\/types\/post"}],"author":[{"embeddable":true,"href":"http:\/\/argentinamunicipal.com.ar\/argentina\/wp-json\/wp\/v2\/users\/2"}],"replies":[{"embeddable":true,"href":"http:\/\/argentinamunicipal.com.ar\/argentina\/wp-json\/wp\/v2\/comments?post=64486"}],"version-history":[{"count":0,"href":"http:\/\/argentinamunicipal.com.ar\/argentina\/wp-json\/wp\/v2\/posts\/64486\/revisions"}],"wp:featuredmedia":[{"embeddable":true,"href":"http:\/\/argentinamunicipal.com.ar\/argentina\/wp-json\/wp\/v2\/media\/64487"}],"wp:attachment":[{"href":"http:\/\/argentinamunicipal.com.ar\/argentina\/wp-json\/wp\/v2\/media?parent=64486"}],"wp:term":[{"taxonomy":"category","embeddable":true,"href":"http:\/\/argentinamunicipal.com.ar\/argentina\/wp-json\/wp\/v2\/categories?post=64486"},{"taxonomy":"post_tag","embeddable":true,"href":"http:\/\/argentinamunicipal.com.ar\/argentina\/wp-json\/wp\/v2\/tags?post=64486"}],"curies":[{"name":"wp","href":"https:\/\/api.w.org\/{rel}","templated":true}]}}