{"id":64549,"date":"2017-06-23T07:05:17","date_gmt":"2017-06-23T10:05:17","guid":{"rendered":"http:\/\/argentinamunicipal.com.ar\/argentina\/?p=64549"},"modified":"2017-06-23T07:05:17","modified_gmt":"2017-06-23T10:05:17","slug":"naciones-unidas-distingue-santa-fe-los-jardines-municipales","status":"publish","type":"post","link":"http:\/\/argentinamunicipal.com.ar\/argentina\/naciones-unidas-distingue-santa-fe-los-jardines-municipales\/","title":{"rendered":"Naciones Unidas distingue a Santa Fe\u00a0por los Jardines Municipales"},"content":{"rendered":"<p>Se trata del Premio de la Organizaci\u00f3n de las Naciones Unidas al Servicio P\u00fablico, el m\u00e1s prestigioso reconocimiento internacional a la excelencia en la materia.<\/p>\n<p>Naciones Unidas distingue al Gobierno de la Ciudad por el Programa Jardines Municipales con el Premio al Servicio P\u00fablico (United Nations Public Service Awards, UNPSA). Se trata del m\u00e1s prestigioso reconocimiento internacional a la excelencia en la materia y la iniciativa impulsada a trav\u00e9s del Sistema Municipal de Educaci\u00f3n Inicial ser\u00e1 reconocida en la categor\u00eda vinculada a inclusi\u00f3n social y participaci\u00f3n ciudadana.<\/p>\n<p>La ceremonia oficial de premiaci\u00f3n se concretar\u00e1 este viernes en La Haya (Holanda) y ser\u00e1 transmitida en directo en el Jard\u00edn de Las Flores. En nuestra ciudad, el encuentro contar\u00e1 con la participaci\u00f3n del intendente Jos\u00e9 Corral que, en este contexto, brindar\u00e1 detalles acerca de la distinci\u00f3n.<\/p>\n<h6>Fuente: Uno Santa Fe<\/h6>\n","protected":false},"excerpt":{"rendered":"<p>Se trata del Premio de la Organizaci\u00f3n de las Naciones Unidas al Servicio P\u00fablico, el m\u00e1s prestigioso reconocimiento internacional a la excelencia en la materia.<\/p>\n","protected":false},"author":2,"featured_media":64550,"comment_status":"closed","ping_status":"closed","sticky":false,"template":"","format":"standard","meta":{"footnotes":""},"categories":[2],"tags":[10],"class_list":["post-64549","post","type-post","status-publish","format-standard","has-post-thumbnail","hentry","category-informe-municipal","tag-santa-fe"],"_links":{"self":[{"href":"http:\/\/argentinamunicipal.com.ar\/argentina\/wp-json\/wp\/v2\/posts\/64549","targetHints":{"allow":["GET"]}}],"collection":[{"href":"http:\/\/argentinamunicipal.com.ar\/argentina\/wp-json\/wp\/v2\/posts"}],"about":[{"href":"http:\/\/argentinamunicipal.com.ar\/argentina\/wp-json\/wp\/v2\/types\/post"}],"author":[{"embeddable":true,"href":"http:\/\/argentinamunicipal.com.ar\/argentina\/wp-json\/wp\/v2\/users\/2"}],"replies":[{"embeddable":true,"href":"http:\/\/argentinamunicipal.com.ar\/argentina\/wp-json\/wp\/v2\/comments?post=64549"}],"version-history":[{"count":0,"href":"http:\/\/argentinamunicipal.com.ar\/argentina\/wp-json\/wp\/v2\/posts\/64549\/revisions"}],"wp:featuredmedia":[{"embeddable":true,"href":"http:\/\/argentinamunicipal.com.ar\/argentina\/wp-json\/wp\/v2\/media\/64550"}],"wp:attachment":[{"href":"http:\/\/argentinamunicipal.com.ar\/argentina\/wp-json\/wp\/v2\/media?parent=64549"}],"wp:term":[{"taxonomy":"category","embeddable":true,"href":"http:\/\/argentinamunicipal.com.ar\/argentina\/wp-json\/wp\/v2\/categories?post=64549"},{"taxonomy":"post_tag","embeddable":true,"href":"http:\/\/argentinamunicipal.com.ar\/argentina\/wp-json\/wp\/v2\/tags?post=64549"}],"curies":[{"name":"wp","href":"https:\/\/api.w.org\/{rel}","templated":true}]}}