{"id":64555,"date":"2017-06-23T07:25:36","date_gmt":"2017-06-23T10:25:36","guid":{"rendered":"http:\/\/argentinamunicipal.com.ar\/argentina\/?p=64555"},"modified":"2017-06-23T07:25:36","modified_gmt":"2017-06-23T10:25:36","slug":"las-importaciones-rojo-comercial-suma-unos-us-1-863-millones","status":"publish","type":"post","link":"http:\/\/argentinamunicipal.com.ar\/argentina\/las-importaciones-rojo-comercial-suma-unos-us-1-863-millones\/","title":{"rendered":"Por las importaciones, el rojo comercial suma unos u$s 1.863 millones"},"content":{"rendered":"<p>El valor de la mercader\u00eda importada creci\u00f3 24 por ciento en junio. Las exportaciones tuvieron un crecimiento muy leve. Influye la retenci\u00f3n del agro<\/p>\n<p>Producto de un crecimiento del 24 por ciento en las importaciones, la balanza comercial argentina arroj\u00f3 en mayo un fuerte d\u00e9ficit de 642 millones de d\u00f3lares, seg\u00fan inform\u00f3 ayer el Instituto Nacional de Estad\u00edstica y Censos (Indec). Fue el quinto resultado negativo que se apila en forma consecutiva. En consecuencia, en los primeros cinco meses del a\u00f1o la balanza comercial acumul\u00f3 un saldo negativo de 1.863 millones de d\u00f3lares, contra un balance positivo de 515 millones registrado en igual per\u00edodo de 2016.<\/p>\n<p>El resultado de mayo fue consecuencia de exportaciones por 5.415 millones de d\u00f3lares e importaciones por 6.057 millones.<\/p>\n<p>Las exportaciones aumentaron 0,8 por ciento respecto del mismo mes del a\u00f1o anterior, equivalente a 44 millones de d\u00f3lares, debido a una suba del 5,3 por ciento en los precios pero una baja del 4,2 por ciento en las cantidades.<\/p>\n<p>El valor de las importaciones en mayo fue 24 por ciento superior al registrado en igual mes del a\u00f1o anterior, con un aumento de 1.171 millones de d\u00f3lares producto de una suba en los precios del 8,2 por ciento y del 14,5 por ciento en las cantidades.<\/p>\n<p>Se registraron mayores importaciones en todos los usos econ\u00f3micos: combustibles y lubricantes (67 por ciento), veh\u00edculos automotores de pasajeros (52,7 por ciento), piezas y accesorios para bienes de capital (22,9 por ciento), bienes de capital (22,6 por ciento) y art\u00edculos de consumo (13,6 por ciento).<\/p>\n<p>Las exportaciones a Brasil alcanzaron 788 millones de d\u00f3lares y las importaciones desde ese pa\u00eds 1.652 millones de d\u00f3lares, con un saldo deficitario de 864 millones. Las exportaciones a China alcanzaron 760 millones de d\u00f3lares y las importaciones 1.033 millones.<\/p>\n<p>Por rubros, los env\u00edos de manufacturas de origen industrial (MOI) crecieron 23,2 por ciento, producto de un aumento en las exportaciones de autos, y de las ventas de combustibles y energ\u00eda, 11,3 por ciento interanual.<\/p>\n<p>Retenci\u00f3n de granos<\/p>\n<p>En cambio, disminuy\u00f3 un 8,5 por ciento la facturaci\u00f3n por las exportaciones de manufacturas de origen agropecuario (MOA), y 5,7 por ciento las de productos primarios, a pesar de que los precios de ambos rubros estuvieron 8 por ciento por encima de los valores del a\u00f1o pasado.<\/p>\n<p>Fuentes oficiales estiman que esta baja en las cantidades exportadas obedeci\u00f3 a la decisi\u00f3n de los empresarios del sector de apostar a una mejora en el tipo de cambio.<\/p>\n<p>Santa Fe, en crisis<\/p>\n<p>El Observatorio de Importaciones de Santa Fe, pionero en la detecci\u00f3n de la avalancha de productos del exterior, dio a conocer nuevos datos sobre la situaci\u00f3n para los sectores del calzado y la l\u00ednea blanca, dos de los nichos productivos m\u00e1s afectados en la provincia desde diciembre de 2015.<\/p>\n<p>En el primer caso, se verific\u00f3 el ingreso a nivel nacional desde el 1\u00ba de enero de este a\u00f1o de 14.172.722 pares, un 82 por ciento m\u00e1s que en el mismo per\u00edodo de 2015. En paralelo, las ventas cayeron un 30 por ciento.<\/p>\n<p>En este marco, la tercera firma en escala en la provincia, Wyler&#8217;s, de la localidad de Alcorta, tiene a sus 108 empleados trabajando media jornada. Y varias empresas redujeron personal.<\/p>\n<p>Ante la inquietud de los industriales, desde la C\u00e1mara Santafesina del Calzado se iniciaron los tr\u00e1mites para solicitar subsidios denominados Repro Express al gobierno nacional. \u00abEstamos preocupados por la demora, presentamos todos los papeles y todav\u00eda no sali\u00f3 nada\u00bb, se\u00f1al\u00f3 a La Capital uno de los 42 microempresarios del calzado que hay en Acebal.<\/p>\n<p>Por otra parte, se lleg\u00f3 esta semana a las 50.151 heladeras importadas a nivel nacional este a\u00f1o, un 236 por ciento m\u00e1s que las 14.923 que se hab\u00edan tra\u00eddo del exterior en igual per\u00edodo de 2015. La pr\u00f3xima semana se reunir\u00e1n en Rosario los fabricantes del sector.<\/p>\n<h6>Fuente: La capital Rosario<\/h6>\n","protected":false},"excerpt":{"rendered":"<p>El valor de la mercader\u00eda importada creci\u00f3 24 por ciento en junio. Las exportaciones tuvieron un crecimiento muy leve. Influye la retenci\u00f3n del agro<\/p>\n","protected":false},"author":2,"featured_media":64556,"comment_status":"closed","ping_status":"closed","sticky":false,"template":"","format":"standard","meta":{"footnotes":""},"categories":[8],"tags":[21],"class_list":["post-64555","post","type-post","status-publish","format-standard","has-post-thumbnail","hentry","category-informe-nacional","tag-argentina"],"_links":{"self":[{"href":"http:\/\/argentinamunicipal.com.ar\/argentina\/wp-json\/wp\/v2\/posts\/64555","targetHints":{"allow":["GET"]}}],"collection":[{"href":"http:\/\/argentinamunicipal.com.ar\/argentina\/wp-json\/wp\/v2\/posts"}],"about":[{"href":"http:\/\/argentinamunicipal.com.ar\/argentina\/wp-json\/wp\/v2\/types\/post"}],"author":[{"embeddable":true,"href":"http:\/\/argentinamunicipal.com.ar\/argentina\/wp-json\/wp\/v2\/users\/2"}],"replies":[{"embeddable":true,"href":"http:\/\/argentinamunicipal.com.ar\/argentina\/wp-json\/wp\/v2\/comments?post=64555"}],"version-history":[{"count":0,"href":"http:\/\/argentinamunicipal.com.ar\/argentina\/wp-json\/wp\/v2\/posts\/64555\/revisions"}],"wp:featuredmedia":[{"embeddable":true,"href":"http:\/\/argentinamunicipal.com.ar\/argentina\/wp-json\/wp\/v2\/media\/64556"}],"wp:attachment":[{"href":"http:\/\/argentinamunicipal.com.ar\/argentina\/wp-json\/wp\/v2\/media?parent=64555"}],"wp:term":[{"taxonomy":"category","embeddable":true,"href":"http:\/\/argentinamunicipal.com.ar\/argentina\/wp-json\/wp\/v2\/categories?post=64555"},{"taxonomy":"post_tag","embeddable":true,"href":"http:\/\/argentinamunicipal.com.ar\/argentina\/wp-json\/wp\/v2\/tags?post=64555"}],"curies":[{"name":"wp","href":"https:\/\/api.w.org\/{rel}","templated":true}]}}