{"id":64616,"date":"2017-06-26T06:00:22","date_gmt":"2017-06-26T09:00:22","guid":{"rendered":"http:\/\/argentinamunicipal.com.ar\/argentina\/?p=64616"},"modified":"2017-06-26T07:01:04","modified_gmt":"2017-06-26T10:01:04","slug":"buscan-vaciar-conicet","status":"publish","type":"post","link":"http:\/\/argentinamunicipal.com.ar\/argentina\/buscan-vaciar-conicet\/","title":{"rendered":"\u201cBuscan vaciar el Conicet\u201d"},"content":{"rendered":"<p>Las organizaciones de investigadores lanzaron una campa\u00f1a en las redes, con una versi\u00f3n del tema \u201cDespacito\u201d, para acompa\u00f1ar ma\u00f1ana la presentaci\u00f3n en Diputados de tres proyectos que apuntan a recuperar el financiamiento del sistema cient\u00edfico.<\/p>\n<p>Las organizaciones de cient\u00edficos lanzaron una campa\u00f1a para denunciar y detener el ajuste y el achicamiento del sistema de ciencia y tecnolog\u00eda, como paso previo a llevar ma\u00f1ana el reclamo a la C\u00e1mara de Diputados. La campa\u00f1a se viraliz\u00f3 en las redes sociales a trav\u00e9s una versi\u00f3n de la canci\u00f3n \u201cDespacito\u201d, que compusieron e interpretaron integrantes desde la organizaci\u00f3n Cient\u00edficos y Universitarios Autoconvocados (CyUA).<\/p>\n<p>Una delegaci\u00f3n de la comunidad cient\u00edfica participar\u00e1 este martes de una sesi\u00f3n de la Comisi\u00f3n de Ciencia de la C\u00e1mara baja, donde apoyar\u00e1n la presentaci\u00f3n de tres proyectos de ley que bregan por un mayor financiamiento para la ciencia. Desde las 16, una hora y media antes de la sesi\u00f3n de la comisi\u00f3n, las organizaciones se reunir\u00e1n en el Congreso para apoyar sus reclamos.<\/p>\n<p>\u201cQueremos volver a poner sobre la mesa el ajuste que vive hoy el sistema cient\u00edfico. El Gobierno, mediante presupuestos cada vez m\u00e1s bajos, prepara un desmantelamiento, un desguace del \u00e1rea de ciencia y t\u00e9cnica\u201d, dijo a P\u00e1ginaI12 Nuria Giniger, integrante de CyUA Buenos Aires y una de las investigadoras que ma\u00f1ana estar\u00e1 presente en la comisi\u00f3n.<\/p>\n<p>M\u00e1s de 1900 cient\u00edficos firmaron un petitorio en apoyo a las iniciativas legislativas que se presentar\u00e1n, la cuales tiene la finalidad de \u201csalvaguardar el desarrollo del sistema cient\u00edfico-tecnol\u00f3gico nacional, que vivi\u00f3 un per\u00edodo de expansi\u00f3n y consolidaci\u00f3n y se encuentra ahora en una situaci\u00f3n cr\u00edtica de conformidad con las pol\u00edticas de recorte y ajuste que se vienen llevando adelante de manera sostenida desde hace un a\u00f1o y medio\u201d.<\/p>\n<p>Ante los fuertes rumores que circulan sobre el achicamiento del Estado y el posible cierre del Ministerio de Ciencia, Giniger dijo que entre los cient\u00edficos y trabajadores de esa cartera hay un temor de que el \u00e1rea vuelva a depender del Ministerio de Educaci\u00f3n y Deportes. Para Giniger, eso afectar\u00eda al sistema cient\u00edfico en tres niveles: el presupuestario, porque deber\u00eda dividirse el presupuesto con Educaci\u00f3n y Deportes, y quedar\u00eda \u201cmuy relegado\u201d; en infraestructura, donde habr\u00eda m\u00e1s despidos de trabajadores; y por \u00faltimo en cuanto a las pol\u00edticas concretas del ministerio, que perder\u00edan autonom\u00eda y pasar\u00edan a \u201cestar supeditadas a otra instituci\u00f3n\u201d.<\/p>\n<p>Los tres proyectos que se presentar\u00e1n en Diputados remarcan que el presupuesto 2017 destinado al Ministerio de Ciencia sufri\u00f3 una reducci\u00f3n del 32,5 por ciento respecto de 2016. Para los investigadores, los 500 cient\u00edficos que el a\u00f1o pasado no pudieron ingresar al Conicet por el recorte presupuestario son un ejemplo de lo que busca Cambiemos: \u201cVaciar el Conicet, priorizar el mercado por sobre las necesidades del pueblo\u201d.<\/p>\n<p>En campa\u00f1a electoral, Macri prometi\u00f3 elevar al 1,5 por ciento el porcentaje del PBI destinado a Ciencia. \u201cPero el presupuesto combinado de MinCyT-Conicet-Conae representa s\u00f3lo un 0,59 por ciento del PBI, siendo este porcentaje el menor desde la creaci\u00f3n del ministerio\u201d, explica uno de los proyectos, que apuntan a recuperar el incremento progresivo que se ven\u00eda sosteniendo durante la d\u00e9cada previa.<\/p>\n<h6>Fuente: P\u00e1gina 12<\/h6>\n","protected":false},"excerpt":{"rendered":"<p>Las organizaciones de investigadores lanzaron una campa\u00f1a en las redes, con una versi\u00f3n del tema \u201cDespacito\u201d, para acompa\u00f1ar ma\u00f1ana la presentaci\u00f3n en Diputados de tres proyectos que apuntan a recuperar el financiamiento del sistema cient\u00edfico.<\/p>\n","protected":false},"author":2,"featured_media":64617,"comment_status":"closed","ping_status":"closed","sticky":false,"template":"","format":"standard","meta":{"footnotes":""},"categories":[8],"tags":[21],"class_list":["post-64616","post","type-post","status-publish","format-standard","has-post-thumbnail","hentry","category-informe-nacional","tag-argentina"],"_links":{"self":[{"href":"http:\/\/argentinamunicipal.com.ar\/argentina\/wp-json\/wp\/v2\/posts\/64616","targetHints":{"allow":["GET"]}}],"collection":[{"href":"http:\/\/argentinamunicipal.com.ar\/argentina\/wp-json\/wp\/v2\/posts"}],"about":[{"href":"http:\/\/argentinamunicipal.com.ar\/argentina\/wp-json\/wp\/v2\/types\/post"}],"author":[{"embeddable":true,"href":"http:\/\/argentinamunicipal.com.ar\/argentina\/wp-json\/wp\/v2\/users\/2"}],"replies":[{"embeddable":true,"href":"http:\/\/argentinamunicipal.com.ar\/argentina\/wp-json\/wp\/v2\/comments?post=64616"}],"version-history":[{"count":0,"href":"http:\/\/argentinamunicipal.com.ar\/argentina\/wp-json\/wp\/v2\/posts\/64616\/revisions"}],"wp:featuredmedia":[{"embeddable":true,"href":"http:\/\/argentinamunicipal.com.ar\/argentina\/wp-json\/wp\/v2\/media\/64617"}],"wp:attachment":[{"href":"http:\/\/argentinamunicipal.com.ar\/argentina\/wp-json\/wp\/v2\/media?parent=64616"}],"wp:term":[{"taxonomy":"category","embeddable":true,"href":"http:\/\/argentinamunicipal.com.ar\/argentina\/wp-json\/wp\/v2\/categories?post=64616"},{"taxonomy":"post_tag","embeddable":true,"href":"http:\/\/argentinamunicipal.com.ar\/argentina\/wp-json\/wp\/v2\/tags?post=64616"}],"curies":[{"name":"wp","href":"https:\/\/api.w.org\/{rel}","templated":true}]}}