{"id":64625,"date":"2017-06-26T07:22:07","date_gmt":"2017-06-26T10:22:07","guid":{"rendered":"http:\/\/argentinamunicipal.com.ar\/argentina\/?p=64625"},"modified":"2017-06-26T07:22:07","modified_gmt":"2017-06-26T10:22:07","slug":"mas-14-millones-personas-visitaron-tecnopolis-federal-santa-fe-parana","status":"publish","type":"post","link":"http:\/\/argentinamunicipal.com.ar\/argentina\/mas-14-millones-personas-visitaron-tecnopolis-federal-santa-fe-parana\/","title":{"rendered":"M\u00e1s de 1,4 millones de personas visitaron Tecn\u00f3polis Federal en Santa Fe y Paran\u00e1"},"content":{"rendered":"<p>La muestra Tecn\u00f3polis Federal convoc\u00f3 a m\u00e1s de 1,4 millones de personas en las ciudades de Santa Fe y Paran\u00e1 desde su inauguraci\u00f3n el 8 de junio y cerr\u00f3 hoy con una gran fiesta y la actuaci\u00f3n de Miranda!, On Off, Kapanga y el espect\u00e1culo de danza a\u00e9rea Eleve ante una colmada Estaci\u00f3n Belgrano, el emblem\u00e1tico centro de exposiciones y ferias santafesino.<\/p>\n<p>En total fueron 1.408.065 asistentes, con un promedio de 82.000 visitantes por d\u00eda entre ambas sedes, lo que permiti\u00f3 que Tecn\u00f3polis Federal potenciara con diferentes contenidos el turismo en ambas ciudades, lo que provoc\u00f3 un inusual volumen de tr\u00e1nsito en el t\u00fanel subfluvial Raul Uranga &#8211; Carlos Sylvestre Begnis.<\/p>\n<p>El titular de Sistema Federal de Medios y Contenidos P\u00fablicos, Hern\u00e1n Lombardi, destac\u00f3 que la \u00abidea federal naci\u00f3 en el inicio mismo de la gesti\u00f3n del presidente Macri, de hacer posible Tecn\u00f3polis para todas las familias del pa\u00eds, que todos tengan acceso a la cultura, a la informaci\u00f3n y a la circulaci\u00f3n de bienes cient\u00edficos y culturales\u00bb.<\/p>\n<p>En ese sentido, el funcionario indic\u00f3 que la enorme asistencia a la muestra \u00abes un logro de un trabajo en equipo entre Naci\u00f3n, provincias y municipios, y tambi\u00e9n de diversos colores pol\u00edticos, porque cuando la meta es grande, la coyuntura queda chica\u00bb.<\/p>\n<p>La programaci\u00f3n incluy\u00f3 una variedad de propuestas art\u00edsticas y espect\u00e1culos para toda la familia. Mora Godoy, Los Aut\u00e9nticos Decadentes, Patricia Sosa protagonizando el musical hist\u00f3rico El Libertador, Sergio Torres, Los Palmeras, Antonio Tarrag\u00f3 Ros, Cesar Isella, Citr\u00f3nico, Marcela Morelo y Soledad, adem\u00e1s de los que se presentaron en el cierre de hoy, transformaron la Estaci\u00f3n Belgrano en un gran escenario al aire libre. Entre los contenidos de ciencia se destacaron las estaciones tem\u00e1ticas como Paleontolog\u00eda, Leonardo Da Vinci, Rob\u00f3tica, Cuerpo Humano, Matem\u00e1tica, F\u00edsica, Qu\u00edmica, Los Paisajes Celestes, Shincal de Quimivil, y Tierra de Dinos, con los dinosaurios animatr\u00f3nicos de tama\u00f1o real. Tambi\u00e9n hubo experiencias de realidad virtual y multisensoriales como Aladelta 4D y Ven\u00ed a Volar.<\/p>\n<p>Cada ciudad, adem\u00e1s, aport\u00f3 contenidos. \u00abParan\u00e1, capital de la Confederaci\u00f3n Argentina, propuso vivir una experiencia 360\u00ba en la que el General Urquiza cont\u00f3 los momentos m\u00e1s importantes de la \u00e9poca. Tambi\u00e9n hubo una exposici\u00f3n sobre la Construcci\u00f3n del T\u00fanel Subfluvial. En tanto, Santa Fe, cre\u00f3 un espacio que da cuenta de la condici\u00f3n particular de la ciudad como Cuna de la Constituci\u00f3n Nacional sancionada en 1853\u00bb, inform\u00f3 en una nota el Sistema Federal de Medios y Contenidos P\u00fablicos.<\/p>\n<p>La propuesta incluy\u00f3 talleres especiales y charlas llevadas a cabo por instituciones educativas y personalidades de la ciencia, el arte y la cultura de la regi\u00f3n. Los medios p\u00fablicos estuvieron presentes en la muestra: Radio Nacional abri\u00f3 su estudio m\u00f3vil para recibir distintos protagonistas de la emisora: Mar\u00eda Areces grab\u00f3 \u00abCuento con voz\u00bb; Silvia P\u00e9rez realiz\u00f3 su programa \u00abCoraz\u00f3n Valiente\u00bb; Sandra Mihanovich condujo en vivo \u00abSoy Nacional\u00bb; Silvina Chediek y Esteban Morgado hicieron emisiones especiales de \u00abLetra y M\u00fasica\u00bb con artistas invitados, y Osvaldo Baz\u00e1n y el Cholo Gomez Casta\u00f1on, entre otros conductores de la emisora, tambi\u00e9n participaron de la muestra. En el espacio de la TV P\u00fablica los chicos realizaron notas televisivas y aprendieron a hacer un m\u00f3vil en vivo. Adem\u00e1s, a trav\u00e9s de realidad virtual la propuesta permiti\u00f3 recorrer un estudio de TV y adentrarse en los paisajes del cruce de los Andes a trav\u00e9s del programa \u00abMotivados por la historia\u00bb.<\/p>\n<p>En cuanto a las se\u00f1ales p\u00fablicas, en el stand de PakaPaka se proyectaron diferentes programas, muchos ni\u00f1os pudieron participar de Alta Noticia y ser parte del noticiero hecho por ni\u00f1os. Encuentro tambi\u00e9n propuso actividades especiales, mientras que DEPORTV invit\u00f3 a los visitantes a mostrar sus destrezas a trav\u00e9s del #Desaf\u00edoDEPORTV.<\/p>\n<p>Durante toda la muestra, en ambas ciudades, el Sistema Federal de Medios y Contenidos P\u00fablicos realiz\u00f3 la entrega gratuita de decodificadores y antenas para acceder a los Contenidos P\u00fablicos Digitales disponibles en la Televisi\u00f3n Digital. Al igual que en las ediciones anteriores, el programa \u00abEl Estado en tu Barrio\u00bb tuvo su espacio y en un s\u00f3lo lugar se gestionaron servicios como la tramitaci\u00f3n y renovaci\u00f3n del DNI, la solicitud de CUIT\/CUIL o la Asignaci\u00f3n Universal por Hijo a trav\u00e9s de ANSES.<\/p>\n<p>La mega muestra de ciencia, arte y tecnolog\u00eda organizada por el Sistema Federal de Medios y Contenidos P\u00fablicos junto al Ministerio de Ciencia y Tecnolog\u00eda de la Naci\u00f3n y este caso participaron tambi\u00e9n las municipalidades de Santa Fe y Paran\u00e1, y las Gobernaciones de las provincias de Santa Fe y Entre R\u00edos. Fue la primera vez adem\u00e1s que la muestra se realiz\u00f3 en dos provincias en simult\u00e1neo. En 2016, Tecn\u00f3polis Federal comenz\u00f3 su recorrido por Salta, Santiago del Estero y La Rioja.<\/p>\n<p>Este a\u00f1o su primera estad\u00eda fue Misiones, donde super\u00f3 el r\u00e9cord de asistentes con 820.000 visitantes. Hasta ahora, m\u00e1s de 2,3 millones de argentinos visitaron la muestra sin tener que viajar a Buenos Aires.<\/p>\n<h6>Fuente: Uno Santa Fe<\/h6>\n","protected":false},"excerpt":{"rendered":"<p>La muestra Tecn\u00f3polis Federal convoc\u00f3 a m\u00e1s de 1,4 millones de personas en las ciudades de Santa Fe y Paran\u00e1 desde su inauguraci\u00f3n el 8 de junio <\/p>\n","protected":false},"author":2,"featured_media":64626,"comment_status":"closed","ping_status":"closed","sticky":false,"template":"","format":"standard","meta":{"footnotes":""},"categories":[2],"tags":[17,10],"class_list":["post-64625","post","type-post","status-publish","format-standard","has-post-thumbnail","hentry","category-informe-municipal","tag-entre-rios","tag-santa-fe"],"_links":{"self":[{"href":"http:\/\/argentinamunicipal.com.ar\/argentina\/wp-json\/wp\/v2\/posts\/64625","targetHints":{"allow":["GET"]}}],"collection":[{"href":"http:\/\/argentinamunicipal.com.ar\/argentina\/wp-json\/wp\/v2\/posts"}],"about":[{"href":"http:\/\/argentinamunicipal.com.ar\/argentina\/wp-json\/wp\/v2\/types\/post"}],"author":[{"embeddable":true,"href":"http:\/\/argentinamunicipal.com.ar\/argentina\/wp-json\/wp\/v2\/users\/2"}],"replies":[{"embeddable":true,"href":"http:\/\/argentinamunicipal.com.ar\/argentina\/wp-json\/wp\/v2\/comments?post=64625"}],"version-history":[{"count":0,"href":"http:\/\/argentinamunicipal.com.ar\/argentina\/wp-json\/wp\/v2\/posts\/64625\/revisions"}],"wp:featuredmedia":[{"embeddable":true,"href":"http:\/\/argentinamunicipal.com.ar\/argentina\/wp-json\/wp\/v2\/media\/64626"}],"wp:attachment":[{"href":"http:\/\/argentinamunicipal.com.ar\/argentina\/wp-json\/wp\/v2\/media?parent=64625"}],"wp:term":[{"taxonomy":"category","embeddable":true,"href":"http:\/\/argentinamunicipal.com.ar\/argentina\/wp-json\/wp\/v2\/categories?post=64625"},{"taxonomy":"post_tag","embeddable":true,"href":"http:\/\/argentinamunicipal.com.ar\/argentina\/wp-json\/wp\/v2\/tags?post=64625"}],"curies":[{"name":"wp","href":"https:\/\/api.w.org\/{rel}","templated":true}]}}