{"id":64745,"date":"2017-06-28T05:11:37","date_gmt":"2017-06-28T08:11:37","guid":{"rendered":"http:\/\/argentinamunicipal.com.ar\/argentina\/?p=64745"},"modified":"2017-06-28T08:14:44","modified_gmt":"2017-06-28T11:14:44","slug":"ctera-denuncio-la-baja-300-mil-becas-progresar","status":"publish","type":"post","link":"http:\/\/argentinamunicipal.com.ar\/argentina\/ctera-denuncio-la-baja-300-mil-becas-progresar\/","title":{"rendered":"CTERA denunci\u00f3 la baja de 300 mil becas Progresar"},"content":{"rendered":"<p>La Confederaci\u00f3n de Trabajadores de la Educaci\u00f3n de la Rep\u00fablica Argentina exigir\u00e1 al Ministerio de Educaci\u00f3n y a la Anses que se restituyan las becas suspendidas \u201cpara garantizar la continuidad escolar de miles de alumnos de todas las \u00e1reas y niveles del sistema educativo\u201d y advirti\u00f3 que recurrir\u00e1 a la Justicia.<\/p>\n<p>Hoy a las 14, habr\u00e1 una concentraci\u00f3n en Per\u00fa y Avenida de Mayo para repudiar un ajuste \u201cque afecta el derecho social a la educaci\u00f3n\u201d y denunciar que las paritarias siguen abiertas en la mayor\u00eda de las provincias.<\/p>\n<p>Los docentes advirtieron que no solo se est\u00e1 incumpliendo la Ley de Financiamiento Educativo sino tambi\u00e9n la de Presupuesto, sancionada el a\u00f1o pasado, que contemplaba partidas espec\u00edficas para el programa Progresar.<\/p>\n<p>\u201cEsto no es casual, es una pol\u00edtica de ajuste contra la educaci\u00f3n, en particular, y contra los trabajadores\u201d, denunci\u00f3 a P\u00e1gina\/12 Sonia Alesso, quien adem\u00e1s agreg\u00f3 que tambi\u00e9n se est\u00e1n recortando las becas en primarias nocturnas para adultos. \u201cEstamos hablando de los m\u00e1s vulnerados de la sociedad\u201d, denunci\u00f3 la secretaria general de Ctera, que resalt\u00f3 \u00abla inclusi\u00f3n\u201d del plan lanzado en 2014 porque acerc\u00f3 la educaci\u00f3n terciaria a los estudiantes del interior, muchos de los cuales eran la primera generaci\u00f3n de estudiantes de su familia. \u201c\u00bfEn ese marco el ministro Esteban Bullrich quiere ser candidato?\u201d, se pregunt\u00f3 la docente.<\/p>\n<p>Por el recorte, 300 mil alumnos de 18 a 24 a\u00f1os de todo el pa\u00eds ya no contar\u00e1n con el pago de las becas que oscilan entre 600 y 900 pesos, y que para muchos implicaba la posibilidad de pagar el transporte, las fotocopias y los libros para seguir estudiando. Una parte de las becas, entre 30 mil y 50 mil se destinaba a carreras prioritarias, como nanotecnolog\u00eda, y el resto a estudiantes de bajos recursos, cuyo n\u00facleo familiar recibe ingresos inferiores a tres salarios m\u00ednimo vital y m\u00f3vil. \u00a0\u201cLos \u00faltimos meses se pagaron con retraso, pero este mes directamente no se pag\u00f3\u00bb, denunci\u00f3 Alesso.<\/p>\n<p>Solamente en la Ciudad de Buenos Aires, 30 mil alumnos dejar\u00e1n de recibir las becas. Por este motivo y por el incumplimiento de la negociaci\u00f3n paritaria, adem\u00e1s de las paup\u00e9rrimas condiciones edilicias de los establecimientos, la Uni\u00f3n de Trabajadores de la Educaci\u00f3n se movilizar\u00e1 a la Legislatura porte\u00f1a para reclamar la reapertura de la paritaria y la restituci\u00f3n de las becas en el distrito.<\/p>\n<p>\u201cEs muy parecido a lo que pas\u00f3 con las pensiones por discapacidad. Ajuste sobre derechos\u201d, destac\u00f3 a este diario Eduardo L\u00f3pez, quien denunci\u00f3 el desmembramiento del sistema educativo federal. \u201cEs una ajuste brutal que atenta contra el derecho social a la educaci\u00f3n y que incumple con la normativa vigente\u201d, a\u00f1adi\u00f3 el dirigente, quien alert\u00f3 que se va a generar \u201cun efecto domin\u00f3\u201d, por el cual empezar\u00e1n a desertar los chicos que no pueden pagar el viaje de ida y vuelta a las casas de estudio.<\/p>\n<p>\u201cEstamos hablando de menos de 1000 millones de pesos anuales. Mauricio Macri se iba a autocondonar la deuda del Correo, por 70 mil millones de pesos, \u00bfy no tiene mil para pagar estas becas?\u201d, se pregunt\u00f3 el docente, quien, por \u00faltimo, denunci\u00f3 el recorte de las becas a los j\u00f3venes pobres y a las personas con discapacidad y una transferencia de recursos a los sectores m\u00e1s poderosos \u00abv\u00eda exenci\u00f3n de impuestos\u201d.<\/p>\n<h6>Fuente: Tucum\u00e1n Hoy<\/h6>\n","protected":false},"excerpt":{"rendered":"<p>La Confederaci\u00f3n de Trabajadores de la Educaci\u00f3n de la Rep\u00fablica Argentina exigir\u00e1 al Ministerio de Educaci\u00f3n y a la Anses que se restituyan las becas suspendidas \u201cpara garantizar la continuidad escolar de miles de alumnos de todas las \u00e1reas y niveles del sistema educativo\u201d<\/p>\n","protected":false},"author":2,"featured_media":64746,"comment_status":"closed","ping_status":"closed","sticky":false,"template":"","format":"standard","meta":{"footnotes":""},"categories":[8],"tags":[21],"class_list":["post-64745","post","type-post","status-publish","format-standard","has-post-thumbnail","hentry","category-informe-nacional","tag-argentina"],"_links":{"self":[{"href":"http:\/\/argentinamunicipal.com.ar\/argentina\/wp-json\/wp\/v2\/posts\/64745","targetHints":{"allow":["GET"]}}],"collection":[{"href":"http:\/\/argentinamunicipal.com.ar\/argentina\/wp-json\/wp\/v2\/posts"}],"about":[{"href":"http:\/\/argentinamunicipal.com.ar\/argentina\/wp-json\/wp\/v2\/types\/post"}],"author":[{"embeddable":true,"href":"http:\/\/argentinamunicipal.com.ar\/argentina\/wp-json\/wp\/v2\/users\/2"}],"replies":[{"embeddable":true,"href":"http:\/\/argentinamunicipal.com.ar\/argentina\/wp-json\/wp\/v2\/comments?post=64745"}],"version-history":[{"count":0,"href":"http:\/\/argentinamunicipal.com.ar\/argentina\/wp-json\/wp\/v2\/posts\/64745\/revisions"}],"wp:featuredmedia":[{"embeddable":true,"href":"http:\/\/argentinamunicipal.com.ar\/argentina\/wp-json\/wp\/v2\/media\/64746"}],"wp:attachment":[{"href":"http:\/\/argentinamunicipal.com.ar\/argentina\/wp-json\/wp\/v2\/media?parent=64745"}],"wp:term":[{"taxonomy":"category","embeddable":true,"href":"http:\/\/argentinamunicipal.com.ar\/argentina\/wp-json\/wp\/v2\/categories?post=64745"},{"taxonomy":"post_tag","embeddable":true,"href":"http:\/\/argentinamunicipal.com.ar\/argentina\/wp-json\/wp\/v2\/tags?post=64745"}],"curies":[{"name":"wp","href":"https:\/\/api.w.org\/{rel}","templated":true}]}}