{"id":64769,"date":"2017-06-29T07:24:04","date_gmt":"2017-06-29T10:24:04","guid":{"rendered":"http:\/\/argentinamunicipal.com.ar\/argentina\/?p=64769"},"modified":"2017-06-29T07:24:04","modified_gmt":"2017-06-29T10:24:04","slug":"primer-acto-la-campana-electoral-cambiemos","status":"publish","type":"post","link":"http:\/\/argentinamunicipal.com.ar\/argentina\/primer-acto-la-campana-electoral-cambiemos\/","title":{"rendered":"El primer acto de la campa\u00f1a electoral de Cambiemos"},"content":{"rendered":"<p>La polic\u00eda avanz\u00f3 cuando representantes de las agrupaciones estaban en el ministerio. Agentes de civil persiguieron a los manifestantes.<\/p>\n<p>Integrantes de una veintena de organizaciones sociales se movilizaron ayer hasta el Ministerio de Desarrollo Social que encabeza Carolina Stanley para reclamar la puesta en marcha de un plan de infraestructura que vuelva a emplear a los 40 mil cooperativistas bonaerenses que quedaron sin trabajo en el \u00faltimo a\u00f1o y medio. Fueron brutalmente reprimidos por la Polic\u00eda de la Ciudad, que los dispers\u00f3 con gases lacrim\u00f3genos, carros hidrantes y balas de goma. Adem\u00e1s, agentes de civil persiguieron a manifestantes y los redujeron a golpes y bastonazos. Ocho personas fueron detenidas, entre ellas dos menores de edad de 14 y 17 a\u00f1os y hubo varios heridos de balas de goma: uno de ellos fue internado en el Hospital Argerich por una lesi\u00f3n en la cara y otros tres fueron atendidos en el Finocchietto.<\/p>\n<p>Cientos de efectivos de infanter\u00eda, motos, camionetas y camiones hidrantes formaron parte del megaoperativo montado por la tarde para reprimir la protesta de los cooperativistas que se desarrollaba desde el mediod\u00eda en Belgrano y 9 de Julio. Tras dispersar el corte y liberar los carriles de la avenida 9 de Julio y del Metrob\u00fas, la polic\u00eda continu\u00f3 persiguiendo a los manifestantes por las calles aleda\u00f1as.<\/p>\n<p>\u201cEstuvimos m\u00e1s de 4 horas movilizados por nuestros reclamos. Tuvimos una primera reuni\u00f3n con las autoridades del Ministerio de Trabajo y de Desarrollo Social de la Naci\u00f3n. Nos dijeron que no a cada uno de nuestros reclamos. Decidimos en asamblea con los compa\u00f1eros y compa\u00f1eras acampar. En ese momento nos volvieron a llamar. Ingresamos, cuando nos est\u00e1bamos sentando la polic\u00eda avanz\u00f3 y empez\u00f3 a reprimir. Hab\u00eda m\u00e1s de 40 m\u00f3viles, carros hidrantes, tiraban sobre los compa\u00f1eros balas de goma. Salieron a cazar compa\u00f1eros\u201d, relat\u00f3 Eduardo Montes, de la cooperativa Gr\u00e1fica Patricios.<\/p>\n<p>Carolina Arribi, de la Tupac Amaru, agreg\u00f3 que \u201clos dirigentes hab\u00edan hablado con los compa\u00f1eros para que liberaran el Metrobus y se apagaran las gomas. Mientras est\u00e1bamos en ese proceso, con un grupo de compa\u00f1eros que hab\u00eda ingresado nuevamente al ministerio, la polic\u00eda avanz\u00f3 y comenz\u00f3 a reprimir\u201d.<\/p>\n<p>Los manifestantes, miembros del Frente por el Trabajo y la Dignidad Milagro Sala, reclamaban, adem\u00e1s de la puesta en marcha de un plan de infraestructura que vuelva a emplear a los 40 mil cooperativistas bonaerenses, la declaraci\u00f3n de la emergencia alimentaria en todo el pa\u00eds y la emergencia tarifaria en f\u00e1bricas recuperadas, comedores y clubes de barrio y que no se den de baja las pensiones por discapacidad.<\/p>\n<p>\u201cDesde la llegada de Mauricio Macri al gobierno, se inici\u00f3 un ciclo de devastaci\u00f3n de la capacidad productiva e industrial de la Argentina, que caus\u00f3 la destrucci\u00f3n de cientos de miles de puestos de trabajo, un clima de permanente agresi\u00f3n a las trabajadoras y trabajadores, el deterioro del salario y los ingresos populares. Desmantelaron las pol\u00edticas p\u00fablicas de empleo y desfinanciaron el desarrollo de programas destinados a fortalecer el modelo de trabajo cooperativo. Destruyen derechos y agreden a los m\u00e1s d\u00e9biles. Avanzan contra las personas con capacidades diferentes, contra nuestras abuelas y abuelos, contra nuestras pibas y nuestros pibes m\u00e1s humildes. La guita no alcanza, el hambre crece y la miseria que genera el Gobierno de Mauricio Macri no se puede esconder m\u00e1s\u201d, advirti\u00f3 Alejandro Garfagnini, de la Tupac Amaru.<\/p>\n<p>El reclamo por la puesta en marcha de un plan de infraestructura para cooperativas tiene raz\u00f3n en datos de la realidad. \u201cLos planes de viviendas populares fueron desmantelados y con ello hubo un proceso de descooperativazaci\u00f3n en las organizaciones\u201d, defini\u00f3 el dirigente. Y los beneficiarios de esos planes \u201cahora pasaron a ser subsidiarios, porque se les quit\u00f3 la posibilidad de tener formaci\u00f3n y capacitaci\u00f3n laboral\u201d, a\u00f1adi\u00f3.<\/p>\n<p>Fuentes del ministerio de Desarrollo Social dieron esta respuesta a la agencia DyN: \u201cFue una protesta netamente pol\u00edtica y hubo reclamos gen\u00e9ricos sobre la situaci\u00f3n de vulnerabilidad. Todos los movimientos eran kirchneristas. En varios de esos frentes hab\u00eda ex funcionarios kirchneristas\u201d. Poco despu\u00e9s, en el portal de Clar\u00edn hab\u00eda una nota con los nombres y las fotos de esos ex funcionarios.<\/p>\n<p>Los seis mayores detenidos fueron acusados de intimidaci\u00f3n p\u00fablica y resistencia a la autoridad. La causa qued\u00f3 a cargo del juez federal Sergio Torres y la fiscal Alejandra Magnano. Los dos menores fueron demorados en el instituto Inchausti. La presidenta de la Asociaci\u00f3n Madres de Plaza de Mayo, Hebe de Bonafini, fue por la noche a la comisar\u00eda 30 para pedir la liberaci\u00f3n de los detenidos.<\/p>\n<p>El defensor del pueblo de la Ciudad de Buenos Aires, Alejandro Amor, que estaba en el lugar, ratific\u00f3 que la represi\u00f3n comenz\u00f3 mientras unos 18 integrantes de organizaciones sociales se encontraban en el Ministerio de Desarrollo Social para hablar con funcionarios sobre el reclamo de los \u00a0cooperativistas. Dirigentes pol\u00edticos y sociales repudiaron los hechos. \u201cAl reclamo del hambre, la polic\u00eda de Macri responde con golpes, palos y balas de goma\u201d, dijo Hugo Yasky, l\u00edder de la CTA y candidato de Uni\u00f3n Ciudadana. \u201cHablan del di\u00e1logo, pero son el gobierno del ajuste y la represi\u00f3n\u201d, se\u00f1al\u00f3 la diputada Nilda Garr\u00e9.<\/p>\n<h6>Fuente: P\u00e1gina 12<\/h6>\n","protected":false},"excerpt":{"rendered":"<p>La polic\u00eda avanz\u00f3 cuando representantes de las agrupaciones estaban en el ministerio. Agentes de civil persiguieron a los manifestantes.<\/p>\n","protected":false},"author":2,"featured_media":64770,"comment_status":"closed","ping_status":"closed","sticky":false,"template":"","format":"standard","meta":{"footnotes":""},"categories":[8],"tags":[21],"class_list":["post-64769","post","type-post","status-publish","format-standard","has-post-thumbnail","hentry","category-informe-nacional","tag-argentina"],"_links":{"self":[{"href":"http:\/\/argentinamunicipal.com.ar\/argentina\/wp-json\/wp\/v2\/posts\/64769","targetHints":{"allow":["GET"]}}],"collection":[{"href":"http:\/\/argentinamunicipal.com.ar\/argentina\/wp-json\/wp\/v2\/posts"}],"about":[{"href":"http:\/\/argentinamunicipal.com.ar\/argentina\/wp-json\/wp\/v2\/types\/post"}],"author":[{"embeddable":true,"href":"http:\/\/argentinamunicipal.com.ar\/argentina\/wp-json\/wp\/v2\/users\/2"}],"replies":[{"embeddable":true,"href":"http:\/\/argentinamunicipal.com.ar\/argentina\/wp-json\/wp\/v2\/comments?post=64769"}],"version-history":[{"count":0,"href":"http:\/\/argentinamunicipal.com.ar\/argentina\/wp-json\/wp\/v2\/posts\/64769\/revisions"}],"wp:featuredmedia":[{"embeddable":true,"href":"http:\/\/argentinamunicipal.com.ar\/argentina\/wp-json\/wp\/v2\/media\/64770"}],"wp:attachment":[{"href":"http:\/\/argentinamunicipal.com.ar\/argentina\/wp-json\/wp\/v2\/media?parent=64769"}],"wp:term":[{"taxonomy":"category","embeddable":true,"href":"http:\/\/argentinamunicipal.com.ar\/argentina\/wp-json\/wp\/v2\/categories?post=64769"},{"taxonomy":"post_tag","embeddable":true,"href":"http:\/\/argentinamunicipal.com.ar\/argentina\/wp-json\/wp\/v2\/tags?post=64769"}],"curies":[{"name":"wp","href":"https:\/\/api.w.org\/{rel}","templated":true}]}}