{"id":64781,"date":"2017-06-29T07:38:58","date_gmt":"2017-06-29T10:38:58","guid":{"rendered":"http:\/\/argentinamunicipal.com.ar\/argentina\/?p=64781"},"modified":"2017-06-29T07:38:58","modified_gmt":"2017-06-29T10:38:58","slug":"se-perdieron-50-milpuestos-trabajo-sector-asalariado-privado","status":"publish","type":"post","link":"http:\/\/argentinamunicipal.com.ar\/argentina\/se-perdieron-50-milpuestos-trabajo-sector-asalariado-privado\/","title":{"rendered":"Se perdieron 50 milpuestos de trabajo en el sector asalariado privado"},"content":{"rendered":"<p>El informe detall\u00f3 que en abril los asalariados registrados en el sector privado sumaron 6,2 millones, lo que representa una baja de 0,8 por ciento comparado con el pasado mes de marzo.<\/p>\n<p>En abril se perdieron 50.600 puestos de trabajadores asalariados en el sector privado en relaci\u00f3n a marzo \u00faltimo, inform\u00f3 ayer el Ministerio de Trabajo. El informe detall\u00f3 que en abril los asalariados registrados en el sector privado sumaron 6,2 millones, lo que representa una baja de 0,8 por ciento comparado con el pasado mes de marzo.<\/p>\n<p>En el mismo per\u00edodo creci\u00f3 en 23.200 la suma de los empleos p\u00fablicos y en 5.100 la de monotributistas, monotributistas sociales y personal de casas particulares.<\/p>\n<p>Funcionarios de la cartera laboral explicaron que \u00abla estacionalidad juega un rol importante en esa contracci\u00f3n del empleo, afectando principalmente a la actividad agropecuaria\u00bb. Igual, admitieron que \u00abel empleo no responde fuerte todav\u00eda\u00bb.<\/p>\n<p>En abril, entre los asalariados privados, la industria manufacturera sigui\u00f3 perdiendo empleo (-5.700) acumulando en un a\u00f1o 36.600 trabajadores formales menos. En cambio, aument\u00f3 el n\u00famero de docentes privados (3.800), con un incremento interanual de 6.100 empleos.<\/p>\n<p>Por su parte, la Encuesta de Indicadores Laborales (EIL) de Trabajo de mayo marca que el empleo privado formal creci\u00f3 el 0,5 por ciento. La EIL reflej\u00f3 que el empleo en mayo en el aglomerado del Gran Buenos Aires verific\u00f3 un descenso de 0,1 por ciento contra abril, y se mantuvo estable en la comparaci\u00f3n interanual. En el interior del pa\u00eds, el empleo mostr\u00f3 en mayo subas de 1,8 por ciento interanual, y de 0,4 por ciento contra el mes previo.<\/p>\n<p>Entre los aglomerados que registraron una variaci\u00f3n interanual positiva est\u00e1 el Gran Rosario (2,5 por ciento).<\/p>\n<p>Por su parte, el empleo formal en el sector de la construcci\u00f3n creci\u00f3 7,5 por ciento interanual en abril, seg\u00fan el informe del Instituto de Estad\u00edstica y Registro de la Industria de la Construcci\u00f3n (Ieric). En cuatro meses, subi\u00f3 4,6 por ciento interanual. Sin embargo, las dos mediciones se encuentran por debajo de las medias hist\u00f3ricas.<\/p>\n<h6>Fuente: La Capital Rosario<\/h6>\n","protected":false},"excerpt":{"rendered":"<p>El informe detall\u00f3 que en abril los asalariados registrados en el sector privado sumaron 6,2 millones, lo que representa una baja de 0,8 por ciento comparado con el pasado mes de marzo.<\/p>\n","protected":false},"author":2,"featured_media":64782,"comment_status":"closed","ping_status":"closed","sticky":false,"template":"","format":"standard","meta":{"footnotes":""},"categories":[8],"tags":[21],"class_list":["post-64781","post","type-post","status-publish","format-standard","has-post-thumbnail","hentry","category-informe-nacional","tag-argentina"],"_links":{"self":[{"href":"http:\/\/argentinamunicipal.com.ar\/argentina\/wp-json\/wp\/v2\/posts\/64781","targetHints":{"allow":["GET"]}}],"collection":[{"href":"http:\/\/argentinamunicipal.com.ar\/argentina\/wp-json\/wp\/v2\/posts"}],"about":[{"href":"http:\/\/argentinamunicipal.com.ar\/argentina\/wp-json\/wp\/v2\/types\/post"}],"author":[{"embeddable":true,"href":"http:\/\/argentinamunicipal.com.ar\/argentina\/wp-json\/wp\/v2\/users\/2"}],"replies":[{"embeddable":true,"href":"http:\/\/argentinamunicipal.com.ar\/argentina\/wp-json\/wp\/v2\/comments?post=64781"}],"version-history":[{"count":0,"href":"http:\/\/argentinamunicipal.com.ar\/argentina\/wp-json\/wp\/v2\/posts\/64781\/revisions"}],"wp:featuredmedia":[{"embeddable":true,"href":"http:\/\/argentinamunicipal.com.ar\/argentina\/wp-json\/wp\/v2\/media\/64782"}],"wp:attachment":[{"href":"http:\/\/argentinamunicipal.com.ar\/argentina\/wp-json\/wp\/v2\/media?parent=64781"}],"wp:term":[{"taxonomy":"category","embeddable":true,"href":"http:\/\/argentinamunicipal.com.ar\/argentina\/wp-json\/wp\/v2\/categories?post=64781"},{"taxonomy":"post_tag","embeddable":true,"href":"http:\/\/argentinamunicipal.com.ar\/argentina\/wp-json\/wp\/v2\/tags?post=64781"}],"curies":[{"name":"wp","href":"https:\/\/api.w.org\/{rel}","templated":true}]}}