{"id":64784,"date":"2017-06-29T07:42:27","date_gmt":"2017-06-29T10:42:27","guid":{"rendered":"http:\/\/argentinamunicipal.com.ar\/argentina\/?p=64784"},"modified":"2017-06-29T07:42:27","modified_gmt":"2017-06-29T10:42:27","slug":"vassalli-quiere-150-obreros-menos-planta-fabril-firmat","status":"publish","type":"post","link":"http:\/\/argentinamunicipal.com.ar\/argentina\/vassalli-quiere-150-obreros-menos-planta-fabril-firmat\/","title":{"rendered":"Vassalli quiere 150 obreros menos en su planta fabril de Firmat"},"content":{"rendered":"<p>La firma de maquinaria agr\u00edcola propuso un plan de \u00abretiros voluntarios\u00bb. Argument\u00f3 no tener competitividad. El plantel actual es de m\u00e1s de 500.<\/p>\n<p>Sorpresa y preocupaci\u00f3n gener\u00f3 en Firmat la decisi\u00f3n adoptado por la empresa de cosechadoras Vassalli Fabril SA de ofrecer al menos un centenar de retiros voluntarios para achicar el plantel de m\u00e1s de 500 trabajadores con que cuenta actualmente, lo que la convierte en la principal fuente de empleo a nivel local y regional.<\/p>\n<p>La medida del grupo empresario que desde hace un tiempo conduce la emblem\u00e1tica industria firmatense se enmarca dentro de un programa nacional que apunta a optimizar recursos con la vista puesta en mejorar la producci\u00f3n.<\/p>\n<p>Al menos as\u00ed lo confirm\u00f3 el titular del directorio de la de la f\u00e1brica, N\u00e9stor Girolami, en declaraciones formuladas al canal local Televisi\u00f3n Digital Codificada (TDC) tras considerar que la cantidad de empleados que posee la empresa no es la conveniente para sostener y fortalecer su funcionamiento y competitividad.<\/p>\n<p>Si bien se especulaba con tal posibilidad ahora la empresa parece estar dispuesta a avanzar en un proceso de reconversi\u00f3n que incluye recortar personal apelando a entre 100 y 150 retiros voluntarios como alternativa para evitar despidos.<\/p>\n<p>Seg\u00fan trascendi\u00f3 ya habr\u00eda aceptado la propuesta de desvinculaci\u00f3n laboral, que contemplar\u00eda el pago en diez cuotas del 60 por ciento del total de las indemnizaciones, m\u00e1s de una decena de los 515 empleados afectados a la \u00fanica empresa de cosechadoras de capitales nacionales afincadas en el pa\u00eds.<\/p>\n<p>La industria habr\u00eda encuadrado lo descripto dentro del Programa de Transformaci\u00f3n Productiva (PTP) impulsado el a\u00f1o pasado por el gobierno nacional para asistir a empresas que busquen mejorar sus procesos productivos, realizar un salto tecnol\u00f3gico o de escala, desarrollar nuevos productos, o reorientar su producci\u00f3n hacia actividades m\u00e1s din\u00e1micas y competitivas.<\/p>\n<p>Se trata de un instrumento que adem\u00e1s permite reubicar trabajadores, seg\u00fan ventil\u00f3 Girolami al confirmar las versiones en torno a lo resuelto por la empresa y que al correr como reguero de p\u00f3lvora gener\u00f3 intranquilidad en Firmat.<\/p>\n<p>Si bien el desembarco de la nueva conducci\u00f3n de Vassalli Fabril allan\u00f3 el camino para reflotar a la empresa en medio de una fuerte crisis financiera que puso en riesgo su continuidad, recientemente surgieron una serie de situaciones que provocan incertidumbre.<\/p>\n<p>Y en ese marco la flamante oferta de retiros voluntarios aliment\u00f3 a\u00fan m\u00e1s el temor de que recrudezcan los conflictos que antecedieron la puesta en marcha del referido proceso de recuperaci\u00f3n de la empresa que tuvo como punto de partida renegociar una deuda millonaria que mantiene con Banco Naci\u00f3n.<\/p>\n<p>Es que la estrategia de la firma para salir a flote y afianzar su repunte hace sobrevolar el fantasma de la p\u00e9rdida de fuentes de trabajo, lo que parece resultar parad\u00f3jico en relaci\u00f3n a la coyuntura favorable que atraviesa la fabrica m\u00e1s a\u00fan al haber anunciado, como dio cuenta en su momento La\u2002Capital, la incorporaci\u00f3n de tecnolog\u00eda para mejorar la calidad de sus cosechadoras e incluso sumar productos a la cadena de comercializaci\u00f3n.<\/p>\n<p>Resolver lo que el propio Girolami eval\u00faa como un problema de \u00absobrepoblaci\u00f3n de personal\u00bb, parece ser para la empresa un factor indispensable en la consolidaci\u00f3n de su reactivaci\u00f3n y b\u00fasqueda de mayor competitividad.<\/p>\n<p>Claro que ello ya puso en alerta al gremio de la Uni\u00f3n Obrera Metal\u00fargica (UOM) local cuyos principales dirigentes ayer trataron el tema con los trabajadores de Vassalli en una asamblea aunque, al menos por ahora, \u00abno vamos hacer ninguna medida de fuerza\u00bb, confirmo a La\u2002Capital el secretario general, Diego Romero.<\/p>\n<h6>Fuente: La Capital Rosario<\/h6>\n","protected":false},"excerpt":{"rendered":"<p>La firma de maquinaria agr\u00edcola propuso un plan de \u00abretiros voluntarios\u00bb. Argument\u00f3 no tener competitividad. El plantel actual es de m\u00e1s de 500.<\/p>\n","protected":false},"author":2,"featured_media":64785,"comment_status":"closed","ping_status":"closed","sticky":false,"template":"","format":"standard","meta":{"footnotes":""},"categories":[2],"tags":[10],"class_list":["post-64784","post","type-post","status-publish","format-standard","has-post-thumbnail","hentry","category-informe-municipal","tag-santa-fe"],"_links":{"self":[{"href":"http:\/\/argentinamunicipal.com.ar\/argentina\/wp-json\/wp\/v2\/posts\/64784","targetHints":{"allow":["GET"]}}],"collection":[{"href":"http:\/\/argentinamunicipal.com.ar\/argentina\/wp-json\/wp\/v2\/posts"}],"about":[{"href":"http:\/\/argentinamunicipal.com.ar\/argentina\/wp-json\/wp\/v2\/types\/post"}],"author":[{"embeddable":true,"href":"http:\/\/argentinamunicipal.com.ar\/argentina\/wp-json\/wp\/v2\/users\/2"}],"replies":[{"embeddable":true,"href":"http:\/\/argentinamunicipal.com.ar\/argentina\/wp-json\/wp\/v2\/comments?post=64784"}],"version-history":[{"count":0,"href":"http:\/\/argentinamunicipal.com.ar\/argentina\/wp-json\/wp\/v2\/posts\/64784\/revisions"}],"wp:featuredmedia":[{"embeddable":true,"href":"http:\/\/argentinamunicipal.com.ar\/argentina\/wp-json\/wp\/v2\/media\/64785"}],"wp:attachment":[{"href":"http:\/\/argentinamunicipal.com.ar\/argentina\/wp-json\/wp\/v2\/media?parent=64784"}],"wp:term":[{"taxonomy":"category","embeddable":true,"href":"http:\/\/argentinamunicipal.com.ar\/argentina\/wp-json\/wp\/v2\/categories?post=64784"},{"taxonomy":"post_tag","embeddable":true,"href":"http:\/\/argentinamunicipal.com.ar\/argentina\/wp-json\/wp\/v2\/tags?post=64784"}],"curies":[{"name":"wp","href":"https:\/\/api.w.org\/{rel}","templated":true}]}}