{"id":64805,"date":"2017-06-29T08:15:56","date_gmt":"2017-06-29T11:15:56","guid":{"rendered":"http:\/\/argentinamunicipal.com.ar\/argentina\/?p=64805"},"modified":"2017-06-29T08:15:56","modified_gmt":"2017-06-29T11:15:56","slug":"volvio-subir-la-inflacion-junio-preocupacion-lo-sucedara-los-proximos-meses","status":"publish","type":"post","link":"http:\/\/argentinamunicipal.com.ar\/argentina\/volvio-subir-la-inflacion-junio-preocupacion-lo-sucedara-los-proximos-meses\/","title":{"rendered":"Volvi\u00f3 a subir la inflaci\u00f3n en junio y hay preocupaci\u00f3n por lo que sucedar\u00e1 en los pr\u00f3ximos meses"},"content":{"rendered":"<p>Tanto desde el Gobierno como las consultoras privadas coinciden en que hay un repunte en el mes que termina. Problemas hacia adelante.<\/p>\n<p>Tal como lo admitiera el propio ministro Dujovne,\u00a0la inflaci\u00f3n de este mes rondar\u00eda en el 1,5%. Las medidorar privadas colocan el \u00edndice incluso un poco m\u00e1s arriba. Si bien no es un rebote importante, esa cifra termina de dar por tierra con las pocas expectativas que manten\u00eda el Banco Central de alcanzar su meta original para el a\u00f1o.<\/p>\n<p>\u00abA nosotros la inflaci\u00f3n de junio nos est\u00e1 dando 1,5%, capaz un poquito m\u00e1s\u00bb,se\u00f1al\u00f3 el economista en jefe de la consultora Elypsis, Gabriel Zelpo, al sitio de noticias\u00a0LPO.<\/p>\n<p>Especialmente preocupante es porcentaje que est\u00e1 dando la denominada inflaci\u00f3n n\u00facleo, que no toma en cuenta los precios regulados y los estacionales.\u00a0\u00abSeg\u00fan nuestros c\u00e1lculos, la n\u00facleo va a dar 1,8%.\u00a0Y s\u00ed, les complica bastante el panorama a las metas de inflaci\u00f3n\u00bb, agreg\u00f3 Zelpo.<\/p>\n<p>Mientras tanto, para julio las perspectivas tampoco ser\u00edan buenas, ya que impactar\u00e1n la\u00a0suba de combustibles\u00a0que se anunciar\u00e1 este viernes, los incrementos en\u00a0las expensas y tambi\u00e9n en las prepagas.<\/p>\n<h6>Fuente: InfoNews<\/h6>\n","protected":false},"excerpt":{"rendered":"<p>Tanto desde el Gobierno como las consultoras privadas coinciden en que hay un repunte en el mes que termina. Problemas hacia adelante.<\/p>\n","protected":false},"author":2,"featured_media":64806,"comment_status":"closed","ping_status":"closed","sticky":false,"template":"","format":"standard","meta":{"footnotes":""},"categories":[8],"tags":[21],"class_list":["post-64805","post","type-post","status-publish","format-standard","has-post-thumbnail","hentry","category-informe-nacional","tag-argentina"],"_links":{"self":[{"href":"http:\/\/argentinamunicipal.com.ar\/argentina\/wp-json\/wp\/v2\/posts\/64805","targetHints":{"allow":["GET"]}}],"collection":[{"href":"http:\/\/argentinamunicipal.com.ar\/argentina\/wp-json\/wp\/v2\/posts"}],"about":[{"href":"http:\/\/argentinamunicipal.com.ar\/argentina\/wp-json\/wp\/v2\/types\/post"}],"author":[{"embeddable":true,"href":"http:\/\/argentinamunicipal.com.ar\/argentina\/wp-json\/wp\/v2\/users\/2"}],"replies":[{"embeddable":true,"href":"http:\/\/argentinamunicipal.com.ar\/argentina\/wp-json\/wp\/v2\/comments?post=64805"}],"version-history":[{"count":0,"href":"http:\/\/argentinamunicipal.com.ar\/argentina\/wp-json\/wp\/v2\/posts\/64805\/revisions"}],"wp:featuredmedia":[{"embeddable":true,"href":"http:\/\/argentinamunicipal.com.ar\/argentina\/wp-json\/wp\/v2\/media\/64806"}],"wp:attachment":[{"href":"http:\/\/argentinamunicipal.com.ar\/argentina\/wp-json\/wp\/v2\/media?parent=64805"}],"wp:term":[{"taxonomy":"category","embeddable":true,"href":"http:\/\/argentinamunicipal.com.ar\/argentina\/wp-json\/wp\/v2\/categories?post=64805"},{"taxonomy":"post_tag","embeddable":true,"href":"http:\/\/argentinamunicipal.com.ar\/argentina\/wp-json\/wp\/v2\/tags?post=64805"}],"curies":[{"name":"wp","href":"https:\/\/api.w.org\/{rel}","templated":true}]}}