{"id":64890,"date":"2017-07-03T06:58:43","date_gmt":"2017-07-03T09:58:43","guid":{"rendered":"http:\/\/argentinamunicipal.com.ar\/argentina\/?p=64890"},"modified":"2017-07-03T06:58:43","modified_gmt":"2017-07-03T09:58:43","slug":"macri-culpo-la-mafia-los-juicios-laborales-la-crisis-sufren-las-pymes","status":"publish","type":"post","link":"http:\/\/argentinamunicipal.com.ar\/argentina\/macri-culpo-la-mafia-los-juicios-laborales-la-crisis-sufren-las-pymes\/","title":{"rendered":"Macri culp\u00f3 a \u201cla mafia de los juicios laborales\u201d por la crisis que sufren las PyMES"},"content":{"rendered":"<p>El Presidente volvi\u00f3 a criticar lo que \u00e9l llama la \u00abmafia de los juicios laborales\u00bb y su impacto en las peque\u00f1as y medianas empresas a trav\u00e9s de una carta publica.<\/p>\n<p>Ni la inflaci\u00f3n, ni la falta de inversiones, ni la suba del d\u00f3lar, seg\u00fan el presidente\u00a0Mauricio Macri, es la\u00a0\u00abmafia de los juicios laborales\u00bb la que con su impacto perjudica a las peque\u00f1as y medianas empresas (PyMES).<\/p>\n<p>A trav\u00e9s de una\u00a0carta publicada\u00a0en un medio del interior titulada: \u00abCon la suma de lo que hacemos, crecemos todos\u00bb, Macri destac\u00f3 que decidi\u00f3 \u00abcombatir la mafia de los juicios laborales, que tanto da\u00f1o les hacen a las peque\u00f1as empresas y a sus trabajadores\u00bb.<\/p>\n<p>\u00abCon la suma de lo que hacemos, crecemos todos\u00bb<\/p>\n<p>\u00abTrabajamos todos los d\u00edas desde las distintas \u00e1reas del Gobierno para hacerles las cosas m\u00e1s f\u00e1ciles a los argentinos.\u00a0Porque los queremos ver concretar sus proyectos y apuntar cada d\u00eda m\u00e1s alto\u00bb, sostuvo.<\/p>\n<p>El jueves pasado, el jefe de Estado hab\u00eda mencionado a la \u00abm\u00e1quina perversa de juicios laborales\u00bb, en la celebraci\u00f3n por el D\u00eda Internacional de las Pymes en la sede de CAME.<\/p>\n<p>Ahora, argument\u00f3: \u00abUna pyme que cierra sus puertas no vuelve a abrir m\u00e1s, y los empleados pierden su trabajo. A partir de estas mafias, colapsan los fueros de la Justicia Laboral y los trabajadores que realmente necesitan una respuesta deben esperar un juicio de entre tres y cinco a\u00f1os\u00bb.<\/p>\n<h6>Fuente: InfoNews<\/h6>\n","protected":false},"excerpt":{"rendered":"<p>El Presidente volvi\u00f3 a criticar lo que \u00e9l llama la \u00abmafia de los juicios laborales\u00bb y su impacto en las peque\u00f1as y medianas empresas a trav\u00e9s de una carta publica.<\/p>\n","protected":false},"author":2,"featured_media":64891,"comment_status":"closed","ping_status":"closed","sticky":false,"template":"","format":"standard","meta":{"footnotes":""},"categories":[8],"tags":[21],"class_list":["post-64890","post","type-post","status-publish","format-standard","has-post-thumbnail","hentry","category-informe-nacional","tag-argentina"],"_links":{"self":[{"href":"http:\/\/argentinamunicipal.com.ar\/argentina\/wp-json\/wp\/v2\/posts\/64890","targetHints":{"allow":["GET"]}}],"collection":[{"href":"http:\/\/argentinamunicipal.com.ar\/argentina\/wp-json\/wp\/v2\/posts"}],"about":[{"href":"http:\/\/argentinamunicipal.com.ar\/argentina\/wp-json\/wp\/v2\/types\/post"}],"author":[{"embeddable":true,"href":"http:\/\/argentinamunicipal.com.ar\/argentina\/wp-json\/wp\/v2\/users\/2"}],"replies":[{"embeddable":true,"href":"http:\/\/argentinamunicipal.com.ar\/argentina\/wp-json\/wp\/v2\/comments?post=64890"}],"version-history":[{"count":0,"href":"http:\/\/argentinamunicipal.com.ar\/argentina\/wp-json\/wp\/v2\/posts\/64890\/revisions"}],"wp:featuredmedia":[{"embeddable":true,"href":"http:\/\/argentinamunicipal.com.ar\/argentina\/wp-json\/wp\/v2\/media\/64891"}],"wp:attachment":[{"href":"http:\/\/argentinamunicipal.com.ar\/argentina\/wp-json\/wp\/v2\/media?parent=64890"}],"wp:term":[{"taxonomy":"category","embeddable":true,"href":"http:\/\/argentinamunicipal.com.ar\/argentina\/wp-json\/wp\/v2\/categories?post=64890"},{"taxonomy":"post_tag","embeddable":true,"href":"http:\/\/argentinamunicipal.com.ar\/argentina\/wp-json\/wp\/v2\/tags?post=64890"}],"curies":[{"name":"wp","href":"https:\/\/api.w.org\/{rel}","templated":true}]}}