{"id":64897,"date":"2017-07-03T06:09:35","date_gmt":"2017-07-03T09:09:35","guid":{"rendered":"http:\/\/argentinamunicipal.com.ar\/argentina\/?p=64897"},"modified":"2017-07-03T07:12:42","modified_gmt":"2017-07-03T10:12:42","slug":"comercios-terapia-intensiva-ventas-minoristas-volvieron-caer","status":"publish","type":"post","link":"http:\/\/argentinamunicipal.com.ar\/argentina\/comercios-terapia-intensiva-ventas-minoristas-volvieron-caer\/","title":{"rendered":"Comercios en terapia intensiva: ventas minoristas volvieron a caer"},"content":{"rendered":"<p>El descensos fueron del 1,4% en junio frente a igual mes de 2016 y un alza del 15% en relaci\u00f3n con mayo pasado. De esa manera acumulan una baja del 3% en lo que va de 2017, seg\u00fan un informe de la Confederaci\u00f3n Argentina de la Mediana Empresa (CAME).<\/p>\n<p>Las cantidades de productos vendidas por los comercios minoristas acumulan una baja del 3% en lo que va de 2017, seg\u00fan un informe de la\u00a0Confederaci\u00f3n Argentina de la Mediana Empresa (CAME)\u00a0que muestra una ca\u00edda del 1,4% en junio frente a igual mes de 2016 y un alza del 15% con relaci\u00f3n al mes de mayo del a\u00f1o pasado.<\/p>\n<p>\u201cLos productos de consumo masivo se movieron mejor y los negocios lanzaron numerosas promociones\u00a0y facilidades de pagos que mejoraron el comercio\u201d, dijo Fabi\u00e1n Tarr\u00edo, presidente de la entidad, en un comunicado difundido hoy.<\/p>\n<p>Las ca\u00eddas anuales m\u00e1s importantes se registraron en Calzado (-3,0%), Textil Blanco (-3,3%) y Neum\u00e1ticos (-3,8%).<\/p>\n<p>El comercio minorista\u00a0estuvo m\u00e1s activo en el sexto mes el a\u00f1o, debido a las promociones lanzadas por los comercios y el impacto del aguinaldo que se sinti\u00f3 en la segunda quincena, pero no alcanz\u00f3 para superar los niveles de 2016, apunt\u00f3.<\/p>\n<p>De los 17 rubros relevados que componen la canasta minorista, hubo dos con alzas en Materiales para la construcci\u00f3n (0,5%) y Farmacias y Perfumer\u00edas (0,9%) y uno sin cambios Art\u00edculos deportivos y de recreaci\u00f3n.\u00a0Las ca\u00eddas anuales m\u00e1s importantes se registraron en Calzado (-3,0%), Textil Blanco (-3,3%) y Neum\u00e1ticos (-3,8%).<\/p>\n<p>En\u00a0Alimentos y bebidas, las ventas descendieron 0,3% y\u00a0los comercios pymes perdieron en manos de las grandes cadenas de supermercados que lanzaron estrategias atractivas.<\/p>\n<h6>Fuente: InfoNews<\/h6>\n","protected":false},"excerpt":{"rendered":"<p>El descensos fueron del 1,4% en junio frente a igual mes de 2016 y un alza del 15% en relaci\u00f3n con mayo pasado. De esa manera acumulan una baja del 3% en lo que va de 2017, seg\u00fan un informe de la Confederaci\u00f3n Argentina de la Mediana Empresa (CAME).<\/p>\n","protected":false},"author":2,"featured_media":64898,"comment_status":"closed","ping_status":"closed","sticky":false,"template":"","format":"standard","meta":{"footnotes":""},"categories":[8],"tags":[21],"class_list":["post-64897","post","type-post","status-publish","format-standard","has-post-thumbnail","hentry","category-informe-nacional","tag-argentina"],"_links":{"self":[{"href":"http:\/\/argentinamunicipal.com.ar\/argentina\/wp-json\/wp\/v2\/posts\/64897","targetHints":{"allow":["GET"]}}],"collection":[{"href":"http:\/\/argentinamunicipal.com.ar\/argentina\/wp-json\/wp\/v2\/posts"}],"about":[{"href":"http:\/\/argentinamunicipal.com.ar\/argentina\/wp-json\/wp\/v2\/types\/post"}],"author":[{"embeddable":true,"href":"http:\/\/argentinamunicipal.com.ar\/argentina\/wp-json\/wp\/v2\/users\/2"}],"replies":[{"embeddable":true,"href":"http:\/\/argentinamunicipal.com.ar\/argentina\/wp-json\/wp\/v2\/comments?post=64897"}],"version-history":[{"count":0,"href":"http:\/\/argentinamunicipal.com.ar\/argentina\/wp-json\/wp\/v2\/posts\/64897\/revisions"}],"wp:featuredmedia":[{"embeddable":true,"href":"http:\/\/argentinamunicipal.com.ar\/argentina\/wp-json\/wp\/v2\/media\/64898"}],"wp:attachment":[{"href":"http:\/\/argentinamunicipal.com.ar\/argentina\/wp-json\/wp\/v2\/media?parent=64897"}],"wp:term":[{"taxonomy":"category","embeddable":true,"href":"http:\/\/argentinamunicipal.com.ar\/argentina\/wp-json\/wp\/v2\/categories?post=64897"},{"taxonomy":"post_tag","embeddable":true,"href":"http:\/\/argentinamunicipal.com.ar\/argentina\/wp-json\/wp\/v2\/tags?post=64897"}],"curies":[{"name":"wp","href":"https:\/\/api.w.org\/{rel}","templated":true}]}}