{"id":64907,"date":"2017-07-03T07:21:05","date_gmt":"2017-07-03T10:21:05","guid":{"rendered":"http:\/\/argentinamunicipal.com.ar\/argentina\/?p=64907"},"modified":"2017-07-03T07:21:05","modified_gmt":"2017-07-03T10:21:05","slug":"santa-fe-presenta-una-nueva-app-sfc-movil","status":"publish","type":"post","link":"http:\/\/argentinamunicipal.com.ar\/argentina\/santa-fe-presenta-una-nueva-app-sfc-movil\/","title":{"rendered":"Santa Fe presenta una nueva app \u00abSFC M\u00f3vil\u00bb"},"content":{"rendered":"<p>Se trata de una aplicaci\u00f3n para tel\u00e9fonos celulares que permitir\u00e1, de forma \u00e1gil y segura, obtener informaci\u00f3n sobre sobre cortes de tr\u00e1nsito; agenda cultural y tur\u00edstica; recorridos de colectivos; y, servicios georreferenciados en toda la capital provincial.<\/p>\n<p>Adem\u00e1s, a trav\u00e9s de esta innovadora herramienta los vecinos podr\u00e1n comunicar problemas y realizar reclamos vinculados a baches, alumbrado, ambiente, plazas y paseos. El Intendente presentar\u00e1 esta aplicaci\u00f3n para smartphones este lunes en el Prado Espa\u00f1ol.<\/p>\n<p>El intendente Jos\u00e9 Corral presentar\u00e1 SFC M\u00f3vil, una innovadora aplicaci\u00f3n para tel\u00e9fonos celulares impulsada por el Municipio. El objetivo central de esta iniciativa es profundizar y afianzar el v\u00ednculo con los vecinos, generando nuevas herramientas que faciliten la comunicaci\u00f3n y permitan brindar la mejor atenci\u00f3n posible. En esta l\u00ednea, desarrollada por una empresa local que forma parte del Cl\u00faster TICs, esta app para smartphones reunir\u00e1 en un solo espacio informaci\u00f3n \u00fatil para el vecino y, al mismo tiempo, dar\u00e1 la posibilidad de cargar reclamos.<\/p>\n<p>\u00abContinuamos transitando el camino hacia un gobierno abierto, que involucre a los ciudadanos en la b\u00fasqueda de mejores soluciones para resolver los problemas y convertirnos en una ciudad ordenada\u00bb, asegur\u00f3 Jos\u00e9 Corral y concluy\u00f3: \u00abEse trabajo lo hacemos entre todos\u00bb. Cabe se\u00f1alar que en la aplicaci\u00f3n SFC M\u00f3vil los usuarios encontrar\u00e1n noticias de la ciudad; informaci\u00f3n sobre cortes de tr\u00e1nsito y reducciones de calzadas; agenda cultural y tur\u00edstica; recorridos de todas las l\u00edneas de colectivo; servicios georreferenciados en toda la capital provincial como dependencias municipales, clubes, vecinales, bancos y lugares de inter\u00e9s; y, entre otras cosas, un espacio para realizar reclamos vinculados a baches, alumbrado, ambiente, plazas y paseos.<\/p>\n<p>Encabezada por el mandatario local, la presentaci\u00f3n se desarrollar\u00e1 este lunes, a las 10, en el espacio ubicado en la intersecci\u00f3n de Av. General Paz y Hernandarias.<\/p>\n<h6>Fuente:\u00a0Sin Mordaza<\/h6>\n","protected":false},"excerpt":{"rendered":"<p>Se trata de una aplicaci\u00f3n para tel\u00e9fonos celulares que permitir\u00e1, de forma \u00e1gil y segura, obtener informaci\u00f3n sobre sobre cortes de tr\u00e1nsito; agenda cultural y tur\u00edstica; recorridos de colectivos; y, servicios georreferenciados en toda la capital provincial. <\/p>\n","protected":false},"author":2,"featured_media":64908,"comment_status":"closed","ping_status":"closed","sticky":false,"template":"","format":"standard","meta":{"footnotes":""},"categories":[2],"tags":[10],"class_list":["post-64907","post","type-post","status-publish","format-standard","has-post-thumbnail","hentry","category-informe-municipal","tag-santa-fe"],"_links":{"self":[{"href":"http:\/\/argentinamunicipal.com.ar\/argentina\/wp-json\/wp\/v2\/posts\/64907","targetHints":{"allow":["GET"]}}],"collection":[{"href":"http:\/\/argentinamunicipal.com.ar\/argentina\/wp-json\/wp\/v2\/posts"}],"about":[{"href":"http:\/\/argentinamunicipal.com.ar\/argentina\/wp-json\/wp\/v2\/types\/post"}],"author":[{"embeddable":true,"href":"http:\/\/argentinamunicipal.com.ar\/argentina\/wp-json\/wp\/v2\/users\/2"}],"replies":[{"embeddable":true,"href":"http:\/\/argentinamunicipal.com.ar\/argentina\/wp-json\/wp\/v2\/comments?post=64907"}],"version-history":[{"count":0,"href":"http:\/\/argentinamunicipal.com.ar\/argentina\/wp-json\/wp\/v2\/posts\/64907\/revisions"}],"wp:featuredmedia":[{"embeddable":true,"href":"http:\/\/argentinamunicipal.com.ar\/argentina\/wp-json\/wp\/v2\/media\/64908"}],"wp:attachment":[{"href":"http:\/\/argentinamunicipal.com.ar\/argentina\/wp-json\/wp\/v2\/media?parent=64907"}],"wp:term":[{"taxonomy":"category","embeddable":true,"href":"http:\/\/argentinamunicipal.com.ar\/argentina\/wp-json\/wp\/v2\/categories?post=64907"},{"taxonomy":"post_tag","embeddable":true,"href":"http:\/\/argentinamunicipal.com.ar\/argentina\/wp-json\/wp\/v2\/tags?post=64907"}],"curies":[{"name":"wp","href":"https:\/\/api.w.org\/{rel}","templated":true}]}}