{"id":64931,"date":"2017-07-03T06:00:00","date_gmt":"2017-07-03T09:00:00","guid":{"rendered":"http:\/\/argentinamunicipal.com.ar\/argentina\/?p=64931"},"modified":"2017-07-03T08:13:18","modified_gmt":"2017-07-03T11:13:18","slug":"mosaico-reclamos-los-montes","status":"publish","type":"post","link":"http:\/\/argentinamunicipal.com.ar\/argentina\/mosaico-reclamos-los-montes\/","title":{"rendered":"Un mosaico de reclamos por los montes"},"content":{"rendered":"<p>El mi\u00e9rcoles pasado se realiz\u00f3 la \u00faltima marcha contra el desmonte, en C\u00f3rdoba. El pr\u00f3ximo jueves se realiza otra de comunidades ind\u00edgenas en Tucum\u00e1n por un violento desalojo. Buscan poner freno a la destrucci\u00f3n de la naturaleza<\/p>\n<p>Miles de personas marchan en defensa de los bosques nativos en C\u00f3rdoba. Comunidades ind\u00edgenas caminan siete d\u00edas en defensa de sus territorios en Jujuy. Organizaciones sociales y Pueblo Mapuche de pie frente a petroleras en Neuqu\u00e9n. Comunidades diaguitas de Tucum\u00e1n marchan contra el Poder Judicial. S\u00f3lo un pu\u00f1ado de movilizaciones que suceden en toda la Argentina y que tiene un punto en com\u00fan: la defensa del territorio frente a empresas y funcionarios (pol\u00edticos y judiciales).<\/p>\n<p>Las entidades del agronegocio y el gobierno de C\u00f3rdoba impulsan desde 2016 una nueva ley de bosques, para posibilitar el avance empresario sobre los \u00faltimos restos de monte nativo que quedan en la provincia. Seg\u00fan datos oficiales, C\u00f3rdoba cuenta con s\u00f3lo el tres por ciento del bosque que ten\u00eda a inicios del Siglo XX. Ya en 2010, burlando todo un proceso participativo que hab\u00eda incluido audiencias p\u00fablicas y participaci\u00f3n plural, el gobierno de Juan Schiaretti aprob\u00f3 una legislaci\u00f3n bautizada \u201cla ley desmonte\u201d, en sinton\u00eda con los pedidos de la Confederaci\u00f3n de Asociaciones Rurales de la Tercera Zona (Cartez\/CRA), Sociedad Rural y sectores de Federaci\u00f3n Agraria.<\/p>\n<p>Sucedieron media docena de graves inundaciones y hasta aludes (tambi\u00e9n por la especulaci\u00f3n inmobiliaria, que desmonta en los cerros). \u201cFue un tsunami que se vino del cielo\u201d, fue la excusa del gobernador Jos\u00e9 Manuel De la Sota ante las inundaciones de 2015. Al a\u00f1o siguiente, nuevamente Juan Schiaretti gobernador, intent\u00f3 una nueva legislaci\u00f3n para avanzar sobre los bosques.<\/p>\n<p>\u201cNo aceptaremos el capricho de pol\u00edticos y empresarios. Estamos ac\u00e1 porque sabemos que menos bosques significa m\u00e1s inundaciones. Marchamos en pos de la vida y por la real participaci\u00f3n ciudadana en la toma de decisiones sobre el territorio que habitamos\u201d, explic\u00f3 el documento de la Coordinadora en Defensa del Bosque Nativo (Codebona), que re\u00fane a un centenar de organizaciones sociales, campesinas, ind\u00edgenas, estudiantiles y asamblearias.<\/p>\n<p>El mi\u00e9rcoles 28 de junio hubo una multitudinaria marcha en la capital de C\u00f3rdoba. Fue la tercera manifestaci\u00f3n masiva por los bosques en s\u00f3lo siete meses (las otras fueron en diciembre y marzo). Con miles en la calle, la Codebona ya contabiliza al menos tres logros: freno moment\u00e1neo de la ley (el oficialismo la pospuso para luego de las elecciones), instal\u00f3 en la agenda la importancia del bosque y explicitaron que ning\u00fan color partidario tiene v\u00eda libre para avanzar con el extractivismo (agronegocio, megaminer\u00eda).<\/p>\n<p>En Jujuy, durante siete d\u00edas caminaron 300 kil\u00f3metros una treintena de comunidades originarias nucleadas en la Asamblea de Comunidades e Ind\u00edgenas Libres, en reclamo por sus territorios, en denuncia por la violaci\u00f3n sistem\u00e1tica de los derechos ind\u00edgenas. Argentina cuenta con legislaci\u00f3n que protege los derechos de comunidades originarias. Incluye el \u201cderecho a consulta\u201d (el Estado debe garantizar que las comunidades den su consentimiento cuando alguna actividad pudiera afectar su territorio).<\/p>\n<p>En Jujuy intentan avanzar con la miner\u00eda de litio (incluso con sectores cient\u00edficos que desoyen la opini\u00f3n de las comunidades originarias que viven en el lugar) y con el proyecto minero Chinchillas, de plata y esta\u00f1o, en mano de la multinacional Silver Standard (en sociedad con Golden Arrow). \u201cEst\u00e1n afectando el monumento natural Laguna de los Pozuelos y violan todos nuestros derechos. Pero seguiremos marchando, luchando hasta el \u00faltimo suspiro\u201d, advirti\u00f3 Mercedes Maidana, de la Asamblea de Ind\u00edgenas Libres.<\/p>\n<p>En Neuqu\u00e9n se realiz\u00f3 en junio un encuentro multisectorial impulsado por el Observatorio Petrolero Sur (Opsur). Participaron medio centenar de organizaciones sociales, asambleas, feministas, comunidades mapuches, organismos de derechos humanos, partidos pol\u00edticos, investigadores y referentes de M\u00e9xico, Colombia, M\u00e9xico, Estados Unidos e Inglaterra. \u201cEs necesario que las corporaciones y gobiernos reparen el da\u00f1o cometido y evitar que se sigan cometiendo. Es necesario parar el fracking ya y frenar el megaproyecto Vaca Muerta, que no es m\u00e1s ni menos que una de las etapas superiores y m\u00e1s integrales del extractivismo\u201d, exige el documento consensuado, llamado \u201cdeclaraci\u00f3n de Vista Alegre\u201d (localidad neuquina que rechaza la avanzada petrolera sobre las chacras).<\/p>\n<p>Mendoza cuenta con una ley (n\u00famero 7722) que limita la megaminer\u00eda. Desde hace a\u00f1os que el sector empresario impulsa su derogaci\u00f3n. El caso lleg\u00f3 hasta el m\u00e1ximo tribunal provincial, que en 2015 confirm\u00f3 la constitucionalidad de la ley y su vigencia. A\u00fan as\u00ed, el lobby empresario y Gobierno buscan derogar la legislaci\u00f3n. Las asambleas socioambientales se movilizaron en numerosas oportunidades. La \u00faltima, en General Alvear, inauguraron un monumento a la ley. \u201cDefendemos el agua y la vida\u201d, resume la placa conmemorativa, que tambi\u00e9n es bandera de las asambleas mendocinas.<\/p>\n<p>El gobierno inform\u00f3 en mayo la construcci\u00f3n de una central nuclear en R\u00edo Negro. Y gener\u00f3 el inmediato rechazo de las asambleas, organizaciones y comunidades, que volvieron a flamear la bandera \u201cen la Patagonia no\u201d, nacida en la d\u00e9cada del 80 y mantenida durante los 90, cuando los distintos gobiernos intentaron instalar un basurero nuclear en Chubut. La Uni\u00f3n de Asambleas Patag\u00f3nicas se manifest\u00f3 en junio ante el Consejo Federal de Medio Ambiente (Cofema), reunido en Bariloche, y afirm\u00f3: \u201cM\u00e1s all\u00e1 de la decisi\u00f3n del gobierno argentino y rionegrino, los habitantes patag\u00f3nicos rechazamos la planta nuclear por inconsulta, arbitraria e ileg\u00edtima, y por considerar esta fuente de energ\u00eda como sucia, peligrosa y costosa\u201d.<\/p>\n<p>La Comunidad India Colalao de Tucum\u00e1n sufri\u00f3 el 28 de junio un violento desalojo, que incluy\u00f3 decenas de polic\u00edas e infanter\u00eda. Denunciaron una escalada de violencia, que tiene como principal impulsor a jueces y fiscales. El pr\u00f3ximo 6 de julio marchar\u00e1n comunidades ind\u00edgenas de toda la provincia hasta los tribunales de la capital provincial. Ivana Morales, de la comunidad diaguita, afirm\u00f3 que en todo el pa\u00eds son violados los derechos ind\u00edgenas para explotar los recursos naturales: \u201cEsto no termina ac\u00e1. Llevamos 525 a\u00f1os resistiendo. Y en 2017 contin\u00faa la lucha\u201d.<\/p>\n<h6>Fuente: P\u00e1gina 12<\/h6>\n","protected":false},"excerpt":{"rendered":"<p>El mi\u00e9rcoles pasado se realiz\u00f3 la \u00faltima marcha contra el desmonte, en C\u00f3rdoba. El pr\u00f3ximo jueves se realiza otra de comunidades ind\u00edgenas en Tucum\u00e1n por un violento desalojo. Buscan poner freno a la destrucci\u00f3n de la naturaleza<\/p>\n","protected":false},"author":2,"featured_media":64932,"comment_status":"closed","ping_status":"closed","sticky":false,"template":"","format":"standard","meta":{"footnotes":""},"categories":[8],"tags":[21],"class_list":["post-64931","post","type-post","status-publish","format-standard","has-post-thumbnail","hentry","category-informe-nacional","tag-argentina"],"_links":{"self":[{"href":"http:\/\/argentinamunicipal.com.ar\/argentina\/wp-json\/wp\/v2\/posts\/64931","targetHints":{"allow":["GET"]}}],"collection":[{"href":"http:\/\/argentinamunicipal.com.ar\/argentina\/wp-json\/wp\/v2\/posts"}],"about":[{"href":"http:\/\/argentinamunicipal.com.ar\/argentina\/wp-json\/wp\/v2\/types\/post"}],"author":[{"embeddable":true,"href":"http:\/\/argentinamunicipal.com.ar\/argentina\/wp-json\/wp\/v2\/users\/2"}],"replies":[{"embeddable":true,"href":"http:\/\/argentinamunicipal.com.ar\/argentina\/wp-json\/wp\/v2\/comments?post=64931"}],"version-history":[{"count":0,"href":"http:\/\/argentinamunicipal.com.ar\/argentina\/wp-json\/wp\/v2\/posts\/64931\/revisions"}],"wp:featuredmedia":[{"embeddable":true,"href":"http:\/\/argentinamunicipal.com.ar\/argentina\/wp-json\/wp\/v2\/media\/64932"}],"wp:attachment":[{"href":"http:\/\/argentinamunicipal.com.ar\/argentina\/wp-json\/wp\/v2\/media?parent=64931"}],"wp:term":[{"taxonomy":"category","embeddable":true,"href":"http:\/\/argentinamunicipal.com.ar\/argentina\/wp-json\/wp\/v2\/categories?post=64931"},{"taxonomy":"post_tag","embeddable":true,"href":"http:\/\/argentinamunicipal.com.ar\/argentina\/wp-json\/wp\/v2\/tags?post=64931"}],"curies":[{"name":"wp","href":"https:\/\/api.w.org\/{rel}","templated":true}]}}