{"id":64937,"date":"2017-07-03T05:22:36","date_gmt":"2017-07-03T08:22:36","guid":{"rendered":"http:\/\/argentinamunicipal.com.ar\/argentina\/?p=64937"},"modified":"2017-07-03T08:24:27","modified_gmt":"2017-07-03T11:24:27","slug":"uno-cuatro-trabajadores-gana-menos-del-salario-minimo","status":"publish","type":"post","link":"http:\/\/argentinamunicipal.com.ar\/argentina\/uno-cuatro-trabajadores-gana-menos-del-salario-minimo\/","title":{"rendered":"Uno de cada cuatro trabajadores gana menos del salario m\u00ednimo"},"content":{"rendered":"<p>Por la alta inflaci\u00f3n, se viene repitiendo la pr\u00e1ctica de convocar anualmente al Consejo para actualizar su monto.<\/p>\n<p>El salario m\u00ednimo legal es una de las regulaciones laborales que mayor atenci\u00f3n atrae. Se lo asocia con la b\u00fasqueda de una distribuci\u00f3n m\u00e1s igualitaria del ingreso y la reducci\u00f3n de la pobreza, indica el Instituto para el Desarrollo Social Argentino (Idesa).<\/p>\n<p>\u201cTanta es la importancia que se le asigna que est\u00e1 expl\u00edcitamente creado por la Constituci\u00f3n y se contempla un organismo tripartito para su actualizaci\u00f3n, el Consejo del Salario M\u00ednimo, Vital y M\u00f3vil con representaci\u00f3n del Gobierno, los empleadores y los sindicatos\u201d, puntualiza. Por la alta inflaci\u00f3n, se viene repitiendo la pr\u00e1ctica de convocar anualmente al Consejo para actualizar su monto.<\/p>\n<p>En esta oportunidad, recuerda Idesa en su reporte semanal, no hubo acuerdo y finalmente el Gobierno laud\u00f3 aplicando un incremento del 24%, llevando gradualmente el valor del salario m\u00ednimo legal desde $ 8.060 a $ 10.000 mensuales en julio de 2018.<\/p>\n<p>El nuevo monto es rechazado por la CGT por considerarlo insuficiente. A modo de referencia, con el aumento, el salario m\u00ednimo legal apenas cubrir\u00eda hoy el 68% de la canasta b\u00e1sica (que el Indec estima en $ 14.666 por mes para una familia tipo) y la cobertura ser\u00e1 bastante m\u00e1s baja en julio del a\u00f1o que viene. \u00bfAyudar\u00eda un monto mayor del salario m\u00ednimo a cumplir con el objetivo de reducir la pobreza? Para responder a este interrogante resulta pertinente apelar a los datos de la encuesta de hogares del Indec. Seg\u00fan esta fuente, Idesa observa que:<\/p>\n<p>\u2022 El 23% de los trabajadores privados tiene ingresos inferiores al salario m\u00ednimo legal.<\/p>\n<p>\u2022 De estos, el 11% son asalariados privados registrados.<\/p>\n<p>\u2022 El 89% restante se distribuye en proporciones similares entre asalariados privados no registrados y cuentapropistas.<\/p>\n<p>\u201cEstos datos muestran que, aun con un monto de salario m\u00ednimo legal muy inferior a la l\u00ednea de pobreza, muchos trabajadores no llegan a generar remuneraciones equivalentes o superiores\u201d, indica el reporte al que accedi\u00f3 LA GACETA. Pr\u00e1cticamente uno de cada cuatro trabajadores privados gana por debajo del salario m\u00ednimo legal. Pero la evidencia m\u00e1s sugerente es que la gran mayor\u00eda, nueve de cada 10, son personas que trabajan en la informalidad, sea porque su empresa no las registr\u00f3 o porque son cuentapropistas que no cumplen con sus obligaciones tributarias y previsionales. Este cuadro de situaci\u00f3n, dice Idesa, demuestra que el problema no se origina en la falta de capacidad para consensuar un monto del salario m\u00ednimo legal adecuado sino que, con los actuales niveles de productividad, el salario m\u00ednimo no sirve para alcanzar los objetivos que se persiguen con \u00e9l. Peor a\u00fan, una suba m\u00e1s agresiva probablemente induzca aumentos en la informalidad laboral que potenciar\u00e1n su incapacidad para reducir la pobreza. Los bajos ingresos de muchos trabajadores est\u00e1n asociados a muy reducidos niveles de productividad, sostiene Idesa.<\/p>\n<p><strong>El laudo del ministerio de Trabajo<\/strong><\/p>\n<p>1- \u00a0La semana pasada, el Ministerio de Trabajo determin\u00f3 un incremento del 24% en el monto del salario m\u00ednimo, vital y m\u00f3vil.<\/p>\n<p>2- El m\u00ednimo actual de $ 8.060 se ajustar\u00e1 en tres tramos: ya rigen los $ 8.860; subir\u00e1 a $ 9.500 a partir del 1 de enero y a $ 10.000 en julio de 2018.<\/p>\n<p>3- El seguro de desempleo, actualmente de $ 3.000, ser\u00e1 incrementado con los mismos porcentajes y plazos que el salario m\u00ednimo.<\/p>\n<h6>Fuente: La gaceta<\/h6>\n","protected":false},"excerpt":{"rendered":"<p>Por la alta inflaci\u00f3n, se viene repitiendo la pr\u00e1ctica de convocar anualmente al Consejo para actualizar su monto.<\/p>\n","protected":false},"author":2,"featured_media":64938,"comment_status":"closed","ping_status":"closed","sticky":false,"template":"","format":"standard","meta":{"footnotes":""},"categories":[8],"tags":[21],"class_list":["post-64937","post","type-post","status-publish","format-standard","has-post-thumbnail","hentry","category-informe-nacional","tag-argentina"],"_links":{"self":[{"href":"http:\/\/argentinamunicipal.com.ar\/argentina\/wp-json\/wp\/v2\/posts\/64937","targetHints":{"allow":["GET"]}}],"collection":[{"href":"http:\/\/argentinamunicipal.com.ar\/argentina\/wp-json\/wp\/v2\/posts"}],"about":[{"href":"http:\/\/argentinamunicipal.com.ar\/argentina\/wp-json\/wp\/v2\/types\/post"}],"author":[{"embeddable":true,"href":"http:\/\/argentinamunicipal.com.ar\/argentina\/wp-json\/wp\/v2\/users\/2"}],"replies":[{"embeddable":true,"href":"http:\/\/argentinamunicipal.com.ar\/argentina\/wp-json\/wp\/v2\/comments?post=64937"}],"version-history":[{"count":0,"href":"http:\/\/argentinamunicipal.com.ar\/argentina\/wp-json\/wp\/v2\/posts\/64937\/revisions"}],"wp:featuredmedia":[{"embeddable":true,"href":"http:\/\/argentinamunicipal.com.ar\/argentina\/wp-json\/wp\/v2\/media\/64938"}],"wp:attachment":[{"href":"http:\/\/argentinamunicipal.com.ar\/argentina\/wp-json\/wp\/v2\/media?parent=64937"}],"wp:term":[{"taxonomy":"category","embeddable":true,"href":"http:\/\/argentinamunicipal.com.ar\/argentina\/wp-json\/wp\/v2\/categories?post=64937"},{"taxonomy":"post_tag","embeddable":true,"href":"http:\/\/argentinamunicipal.com.ar\/argentina\/wp-json\/wp\/v2\/tags?post=64937"}],"curies":[{"name":"wp","href":"https:\/\/api.w.org\/{rel}","templated":true}]}}