{"id":64956,"date":"2017-07-04T06:49:31","date_gmt":"2017-07-04T09:49:31","guid":{"rendered":"http:\/\/argentinamunicipal.com.ar\/argentina\/?p=64956"},"modified":"2017-07-04T06:49:31","modified_gmt":"2017-07-04T09:49:31","slug":"aseguran-aumento-la-nafta-inexplicable-apuntan-la-politica-energetica-del-gobierno","status":"publish","type":"post","link":"http:\/\/argentinamunicipal.com.ar\/argentina\/aseguran-aumento-la-nafta-inexplicable-apuntan-la-politica-energetica-del-gobierno\/","title":{"rendered":"Aseguran que el aumento de la nafta es \u00abinexplicable\u00bb y apuntan contra la pol\u00edtica energ\u00e9tica del Gobierno"},"content":{"rendered":"<p>El presidente de la Comisi\u00f3n de Energ\u00eda en la C\u00e1mara de Diputados de la provincia, Marcelo Torres, critic\u00f3 hoy la decisi\u00f3n del Gobierno nacional de aplicar un nuevo aumento en los combustibles. \u201cEs inexplicable y nos lleva a un aumento por arriba del 45 por ciento\u201d, dijo.<\/p>\n<p>Luego de que el Gobierno nacional decidiera un nuevo aumento de la nafta y el gasoil, el diputado provincial Marcelo Torres, del peronismo, catalog\u00f3 la decisi\u00f3n como \u201cinexplicable\u201d. Es que, record\u00f3 el presidente de la Comisi\u00f3n de Energ\u00eda en la C\u00e1mara Baja bonaerense, en lo que va del a\u00f1o aumentaron los combustibles un 15 por ciento, que se suma al 31 por ciento del a\u00f1o pasado.<\/p>\n<p>\u201cEstamos arriba del 45 por ciento de aumento en el \u00faltimo tiempo en un momento en el que el precio del crudo baj\u00f3 entre enero y junio de este a\u00f1o un 12 por ciento\u201d, apunt\u00f3 Torres en di\u00e1logo con INFOCIELO.<\/p>\n<p>En este sentido, el legislador dijo que desde el Ejecutivo nacional \u201chablan de que quieren equiparar los costos con lo que perdieron el a\u00f1o pasado pero verdaderamente no se entiende: no hicieron inversiones y lograron grandes ganancias\u201d.<\/p>\n<p>\u201cEsto sin dudas va a traer un crecimiento de la inflaci\u00f3n el pr\u00f3ximo mes y es inentendible en un contexto de crisis econ\u00f3mica\u201d, critic\u00f3 a la vez que agreg\u00f3: \u201cEste aumento se traduce directamente en los precios de los alimentos que van a terminar pagando los consumidores\u201d.<\/p>\n<p>Asimismo, el diputado contextualiz\u00f3 la decisi\u00f3n al recordar que \u201csi mir\u00e1s en un pantallazo general hay una pol\u00edtica err\u00e1tica en materia energ\u00e9tica y una indiscriminada apertura de importanciones que provocan despidos masivos\u201d.<\/p>\n<p>De hecho, la central Atucha II decidi\u00f3 en las \u00faltimas semanas despedir a unos 600 trabajadores, que se suman a la crisis que atraviesan qu\u00edmicas y petroqu\u00edmicas del pa\u00eds como la alemana Lanxess que ya anunci\u00f3 el cierre de su planta en Z\u00e1rate.<\/p>\n<h6>Fuetne: InfoCielo<\/h6>\n","protected":false},"excerpt":{"rendered":"<p>El presidente de la Comisi\u00f3n de Energ\u00eda en la C\u00e1mara de Diputados de la provincia, Marcelo Torres, critic\u00f3 hoy la decisi\u00f3n del Gobierno nacional de aplicar un nuevo aumento en los combustibles.<\/p>\n","protected":false},"author":2,"featured_media":64957,"comment_status":"closed","ping_status":"closed","sticky":false,"template":"","format":"standard","meta":{"footnotes":""},"categories":[8],"tags":[21],"class_list":["post-64956","post","type-post","status-publish","format-standard","has-post-thumbnail","hentry","category-informe-nacional","tag-argentina"],"_links":{"self":[{"href":"http:\/\/argentinamunicipal.com.ar\/argentina\/wp-json\/wp\/v2\/posts\/64956","targetHints":{"allow":["GET"]}}],"collection":[{"href":"http:\/\/argentinamunicipal.com.ar\/argentina\/wp-json\/wp\/v2\/posts"}],"about":[{"href":"http:\/\/argentinamunicipal.com.ar\/argentina\/wp-json\/wp\/v2\/types\/post"}],"author":[{"embeddable":true,"href":"http:\/\/argentinamunicipal.com.ar\/argentina\/wp-json\/wp\/v2\/users\/2"}],"replies":[{"embeddable":true,"href":"http:\/\/argentinamunicipal.com.ar\/argentina\/wp-json\/wp\/v2\/comments?post=64956"}],"version-history":[{"count":0,"href":"http:\/\/argentinamunicipal.com.ar\/argentina\/wp-json\/wp\/v2\/posts\/64956\/revisions"}],"wp:featuredmedia":[{"embeddable":true,"href":"http:\/\/argentinamunicipal.com.ar\/argentina\/wp-json\/wp\/v2\/media\/64957"}],"wp:attachment":[{"href":"http:\/\/argentinamunicipal.com.ar\/argentina\/wp-json\/wp\/v2\/media?parent=64956"}],"wp:term":[{"taxonomy":"category","embeddable":true,"href":"http:\/\/argentinamunicipal.com.ar\/argentina\/wp-json\/wp\/v2\/categories?post=64956"},{"taxonomy":"post_tag","embeddable":true,"href":"http:\/\/argentinamunicipal.com.ar\/argentina\/wp-json\/wp\/v2\/tags?post=64956"}],"curies":[{"name":"wp","href":"https:\/\/api.w.org\/{rel}","templated":true}]}}