{"id":64962,"date":"2017-07-04T06:57:45","date_gmt":"2017-07-04T09:57:45","guid":{"rendered":"http:\/\/argentinamunicipal.com.ar\/argentina\/?p=64962"},"modified":"2017-07-04T06:57:45","modified_gmt":"2017-07-04T09:57:45","slug":"una-persecucion-al-movimiento-sindical","status":"publish","type":"post","link":"http:\/\/argentinamunicipal.com.ar\/argentina\/una-persecucion-al-movimiento-sindical\/","title":{"rendered":"\u201cHay una persecuci\u00f3n al movimiento sindical\u201d"},"content":{"rendered":"<p>La decisi\u00f3n tomada por el juez Mart\u00ednez de Giorgi se basa en una denuncia referida a las elecciones del gremio en 2013. Llega en un contexto de ofensiva desde la Casa Rosada a los sindicatos y a los reclamos laborales.<\/p>\n<p>En el transcurso de unas pocas horas el titular del sindicato de los Canillitas, Omar Plaini, fue procesado por falsificaci\u00f3n de documento, embargado en 200.000 pesos y desplazado de la conducci\u00f3n de su gremio, que a la vez fue allanado en un megaoperativo de Gendarmer\u00eda e intervenido. \u00a0Todo fue fruto de la decisi\u00f3n del juez federal Marcelo Mart\u00ednez de Giorgi, quien tramita desde 2013 una causa en la que el l\u00edder gremial fue denunciado por irregularidades en la confecci\u00f3n de las planillas de la asamblea extraordinaria donde se conform\u00f3 la junta que organizar\u00eda la elecci\u00f3n, en la que Plaini result\u00f3 electo para el per\u00edodo 2013-2017. El juzgado le indic\u00f3 al Ministerio de Trabajo que inicie un proceso de normalizaci\u00f3n y que designe al interventor. La decisi\u00f3n llega en un momento de creciente hostigamiento a los sindicatos, de una sucesi\u00f3n de intervenciones, junto con la demonizaci\u00f3n desde la Casa Rosada de los reclamos laborales y desacreditaci\u00f3n de las resoluciones que les son favorables. Seg\u00fan dijo Plaini \u201chay claramente una persecuci\u00f3n jur\u00eddica y pol\u00edtica y un ataque al movimiento sindical\u201d. \u00a0La conducci\u00f3n de la CGT le dio su apoyo.<\/p>\n<p>Plaini encabeza el Sindicato de Vendedores de Diarios y Revistas de la ciudad de Buenos Aires y provincia de Buenos Aires en gestiones sucesivas desde el a\u00f1o 2006. Es diputado por Cultura, Educaci\u00f3n y Trabajo y es conocido su apoyo a Unidad Ciudadana, la fuerza lanzada por Cristina Fern\u00e1ndez de Kirchner, circunstancia con la que vincul\u00f3 su procesamiento. La causa penal a cargo de Mart\u00ednez de Giorgi se origin\u00f3 por una denuncia presentada por el apoderado de la Lista Azul, vinculada al Partido Solidario de Carlos Heller, que era la oponente a la Bord\u00f3, de Plaini. La denuncia se\u00f1alaba que durante la asamblea extraordinaria en la que se eligi\u00f3 la junta electoral se hab\u00edan cometido delitos como la falsificaci\u00f3n de firmas en la planilla de asistencia. Dec\u00eda, por ejemplo, que figuraban m\u00e1s de 600 firmas pero que al lugar hab\u00edan concurrido \u201cunas 212 personas muchas de las cuales no pertenec\u00edan al sindicato, ni siquiera eran conocidos de la actividad e incluso algunos llevaban distintivos del Sindicato de Camioneros o de Uatre (la Uni\u00f3n de Trabajadores Rurales)\u201d.<\/p>\n<p>La justificaci\u00f3n del juzgado de Mart\u00ednez de Giorgi sobre la dilataci\u00f3n del proceso en cuesti\u00f3n durante casi cuatro a\u00f1os es que estaban esperando que se resolviera un expediente que corr\u00eda en paralelo en el fuero laboral, donde lo que se cuestion\u00f3 fue la convocatoria a elecciones en un lugar no habilitado para eso. El Ministerio de Trabajo hab\u00eda suspendido la elecci\u00f3n pero la C\u00e1mara Laboral sostuvo que la convocatoria era v\u00e1lida y al final del camino la Corte Suprema dej\u00f3 firme aquel fallo. Aquella decisi\u00f3n suprema es a la que se refiri\u00f3 ayer Plaini cuando hablaba de que \u201cla elecci\u00f3n fue ratificada por la Corte\u201d. Pero Mart\u00ednez de Giorgi sostiene que eran cuestiones distintas las que \u00e9l ten\u00eda que analizar, y que se refer\u00eda a la falsificaci\u00f3n de datos en las planillas. En el \u00faltimo a\u00f1o mand\u00f3 a hacer una pericia caligr\u00e1fica y a cotejar datos de quienes firmaban y, seg\u00fan argument\u00f3 para procesar a Plaini, encontraron firmas falsas, nombres de personas fallecidas, otras ajenas al sindicato o inexistentes. Plaini explic\u00f3 ayer que, tras el fallo de la Corte que refrend\u00f3 esas elecciones, el sindicato pidi\u00f3 la prescripci\u00f3n de la causa penal por \u201cfalsificaci\u00f3n de documento privado\u201d, pero que ahora, para evitar la evidente prescripci\u00f3n,el juez le cambi\u00f3 la car\u00e1tula a \u201cfalsificaci\u00f3n de documento p\u00fablico\u201d \u00a0para mantener vigente la persecuci\u00f3n.<\/p>\n<p>El allanamiento que mand\u00f3 ayer el juez con cinco camionetas y efectivos de Gendarmer\u00eda nacional pretend\u00eda, seg\u00fan su resoluci\u00f3n, asegurarse toda la documentaci\u00f3n que estaba en la sede sindical al momento que llegaban los funcionarios del Ministerio de Trabajo que se har\u00e1n cargo de la intervenci\u00f3n. En teor\u00eda, el objetivo es que se haga una asamblea nuevamente y se vuelvan a elegir autoridades. Funcionarios judiciales reconocen que se podr\u00eda dar la paradoja de que sea electo porque el juez no lo inhabilit\u00f3 para ocupar cargos. No es la primera intervenci\u00f3n sindical que en lo que lleva de gobierno Mauricio Macri determina un juez federal: tambi\u00e9n lo hizo con el Sindicato de Obreros Mar\u00edtimos (SOMU) a ra\u00edz de una causa que instruye contra su ex secretario general, Omar \u201cCaballo\u201d Su\u00e1rez, quien finalmente incluso fue detenido acusado de asociaci\u00f3n il\u00edcita para cometer delitos en perjuicio del gremio. El mes pasado el Ministerio de Trabajo suspendi\u00f3 las elecciones del Sindicato de Obreros y Empleados Azucareros del Ingenio Ledesma y ya hab\u00eda intervenido a la Federaci\u00f3n de los azucareros. Y en 2016 intervino tambi\u00e9n el Sindicato de personal de seguridad privada (Upsra). Estos dos \u00faltimos fueron revocados por la justicia laboral.<\/p>\n<p>Para Mart\u00ednez de Giorgi, Plaini est\u00e1 ocupando un cargo de manera irregular y su elecci\u00f3n es nula en su origen, por eso le pidi\u00f3 al Ministerio que conduce Jorge Triaca. En el procesamiento el juez dice que se acredit\u00f3 que hubo una \u201cmaniobra\u201d \u201ctendiente a enga\u00f1ar a las autoridades de la Direcci\u00f3n Nacional de Asociaciones sindicales del Ministerio de Trabajo, Empleo y Seguridad Social con el objeto de darle apariencia leg\u00edtima a la asamblea extraordinaria que se llev\u00f3 a cabo el d\u00eda 25 de julio de 2013, a los efectos de constituir la junta electoral que llevar\u00eda adelante el proceso electoral para la renovaci\u00f3n de autoridades del sindicato\u201d. Advierte que est\u00e1 \u201cacreditada la falsedad de datos filiatorios de las personas consignadas en las planillas\u201d y \u201cdiversas firmas atribuidas a ellas\u201d. Eso seg\u00fan el juez \u201cafecta derechos sindicales y la libertad de asociaci\u00f3n gremial (\u2026) entorpece la vida interna del sindicato y lesiona directamente los derechos y garant\u00edas de los afiliados\u201d. \u201cEstas circunstancias, que ponen en evidencia que la actual conducci\u00f3n de Sivendia ha tenido origen en un proceso eleccionario espurio, llevan a que la situaci\u00f3n existente no pueda perdurar mas en el tiempo, imponi\u00e9ndose la medida excepcional de intervenir el sindicato con la finalidad de encausar la vida institucional del mismo, y a efectos de evitar la comisi\u00f3n de otros il\u00edcitos, el ocultamiento de pruebas y el entorpecimiento de la investigaci\u00f3n\u201d, concluye la resoluci\u00f3n contra Plaini. Tambi\u00e9n fue procesada la escribana Mar\u00eda Emilia Rodenas, por validar las planillas y actas, tambi\u00e9n con un embargo de 200.000 pesos.<\/p>\n<p>Plaini dijo que este proceso \u201cse aceler\u00f3 este \u00faltimo mes por cuestiones puramente pol\u00edticas\u201d. \u201cEl sindicato est\u00e1 intervenido, clausuraron la Secretar\u00eda General y la Comisi\u00f3n Directiva fue desafectada por un juez que no tiene competencia en lo laboral sino criminal\u201d, se\u00f1al\u00f3 el dirigente, quien describi\u00f3 los sucesos como parte de \u201cuna persecuci\u00f3n pol\u00edtica y jur\u00eddica\u201d. Tambi\u00e9n se quej\u00f3 de que les dictaran falta de m\u00e9rito a otros referentes y \u00e9l resultara, junto con la escribana, el \u00fanico procesado. Agradeci\u00f3 el apoyo de la CGT que acus\u00f3 al Gobierno de montar una persecuci\u00f3n.<\/p>\n<p>Lo concreto es que este tipo de intervenciones en gremios nacionales eran impensadas en otros tiempos en que se dejaba que las irregularidades fueran resueltas por ellos mismos. Ahora se las aplica como parte de una pol\u00edtica mezclada con el escenario electoral.<\/p>\n<h6>Fuente: P\u00e1gina 12<\/h6>\n","protected":false},"excerpt":{"rendered":"<p>La decisi\u00f3n tomada por el juez Mart\u00ednez de Giorgi se basa en una denuncia referida a las elecciones del gremio en 2013. Llega en un contexto de ofensiva desde la Casa Rosada a los sindicatos y a los reclamos laborales.<\/p>\n","protected":false},"author":2,"featured_media":64963,"comment_status":"closed","ping_status":"closed","sticky":false,"template":"","format":"standard","meta":{"footnotes":""},"categories":[8],"tags":[21],"class_list":["post-64962","post","type-post","status-publish","format-standard","has-post-thumbnail","hentry","category-informe-nacional","tag-argentina"],"_links":{"self":[{"href":"http:\/\/argentinamunicipal.com.ar\/argentina\/wp-json\/wp\/v2\/posts\/64962","targetHints":{"allow":["GET"]}}],"collection":[{"href":"http:\/\/argentinamunicipal.com.ar\/argentina\/wp-json\/wp\/v2\/posts"}],"about":[{"href":"http:\/\/argentinamunicipal.com.ar\/argentina\/wp-json\/wp\/v2\/types\/post"}],"author":[{"embeddable":true,"href":"http:\/\/argentinamunicipal.com.ar\/argentina\/wp-json\/wp\/v2\/users\/2"}],"replies":[{"embeddable":true,"href":"http:\/\/argentinamunicipal.com.ar\/argentina\/wp-json\/wp\/v2\/comments?post=64962"}],"version-history":[{"count":0,"href":"http:\/\/argentinamunicipal.com.ar\/argentina\/wp-json\/wp\/v2\/posts\/64962\/revisions"}],"wp:featuredmedia":[{"embeddable":true,"href":"http:\/\/argentinamunicipal.com.ar\/argentina\/wp-json\/wp\/v2\/media\/64963"}],"wp:attachment":[{"href":"http:\/\/argentinamunicipal.com.ar\/argentina\/wp-json\/wp\/v2\/media?parent=64962"}],"wp:term":[{"taxonomy":"category","embeddable":true,"href":"http:\/\/argentinamunicipal.com.ar\/argentina\/wp-json\/wp\/v2\/categories?post=64962"},{"taxonomy":"post_tag","embeddable":true,"href":"http:\/\/argentinamunicipal.com.ar\/argentina\/wp-json\/wp\/v2\/tags?post=64962"}],"curies":[{"name":"wp","href":"https:\/\/api.w.org\/{rel}","templated":true}]}}