{"id":64965,"date":"2017-07-04T07:05:44","date_gmt":"2017-07-04T10:05:44","guid":{"rendered":"http:\/\/argentinamunicipal.com.ar\/argentina\/?p=64965"},"modified":"2017-07-04T07:05:44","modified_gmt":"2017-07-04T10:05:44","slug":"intimidan-los-trabajadores","status":"publish","type":"post","link":"http:\/\/argentinamunicipal.com.ar\/argentina\/intimidan-los-trabajadores\/","title":{"rendered":"\u201cIntimidan a los trabajadores\u201d"},"content":{"rendered":"<p>Los diputados ampliaron su presentaci\u00f3n contra la gesti\u00f3n de Mauricio Macri por su ofensiva contra la Justicia laboral y la divisi\u00f3n de poderes. \u201cPersiguen jueces y abogados para intimidar\u201d, concluyeron durante el anuncio.<\/p>\n<p>Los diputados del FpV-PJ ampliaron la denuncia ante la Organizaci\u00f3n Internacional del Trabajo (OIT) contra el presidente Mauricio Macri y el gobierno nacional por la ofensiva contra la justicia laboral y la divisi\u00f3n republicana de poderes del Estado. \u201cPersiguen a jueces y abogados para intimidar a los trabajadores que reclaman por sus derechos como una forma de flexibilizaci\u00f3n laboral\u201d, sostuvo el diputado y abogado laboralista H\u00e9ctor Recalde en la rueda de prensa en la C\u00e1mara baja, donde estuvo acompa\u00f1ado por representantes de trabajadores despedidos de la regi\u00f3n de Z\u00e1rate-Campana donde en los \u00faltimos 18 meses se perdieron 5 mil puestos de trabajo y a los que las empresas le ofrecen el 50 por ciento de las indemnizaciones que les corresponden por ley. La denuncia tambi\u00e9n lleva las r\u00fabricas de jueces y camaristas laborales, colegios de abogados de todo el pa\u00eds, sectores Pymes, la CGT, la CTA y m\u00faltiples organizaciones sindicales.<\/p>\n<p>La ampliaci\u00f3n recopila y suma a la denuncia original ante la OIT otros \u201cactos y expresiones de interferencia indebida al Poder Judicial\u201d por parte del gobierno de Macri. All\u00ed se incluye las declaraciones del propio Presidente sobre una supuesta \u201cmafia de los juicios laborales\u201d en la que mencion\u00f3 a Recalde como el jefe de la organizaci\u00f3n criminal, adem\u00e1s de la propuesta \u2013aprobada por la mayor\u00eda oficialista\u2013 del representante del Ejecutivo en el Consejo de la Magistratura, Juan Bautista Mahiques, de analizar los posteos en Facebook del juez de la C\u00e1mara Nacional de Apelaciones del Trabajo Enrique Arias Gibert, que la denuncia define como una \u201cgrave violaci\u00f3n de la intimidad y su esfera de privacidad\u201d.<\/p>\n<p>\u201cLa sola injerencia indebida del Gobierno de la Rep\u00fablica Argentina en el Poder Judicial \u2013en particular en la Justicia del Trabajo\u2013, sus represalias a los jueces a trav\u00e9s del pedido de su remoci\u00f3n mediante el mecanismo de juicio pol\u00edtico y los efectos disciplinadores de tales pedido sobre el resto de los jueces, son ya de por s\u00ed merecedores de reproche por parte de la OIT\u201d, dice la denuncia presentada por Recalde y el diputado y dirigente de la UOM Z\u00e1rate-Campana, Abel Furl\u00e1n, durante la asamblea anual de la OIT. Para los diputados, las actitudes del Gobierno adquieren mayor gravedad porque \u201cest\u00e1n dirigidas a vulnerar derechos expresamente garantizados por diversos convenios de la OIT\u201d.<\/p>\n<p>Los legisladores recuerdan el pedido de remoci\u00f3n a los camaristas que fallaron a favor de que el gremio bancario hab\u00eda firmado con las patronales del sector y que el Gobierno se negaba a homologar. Tambi\u00e9n a los que dictaron una medida cautelar por las motivaciones pol\u00edticas en los despidos de trabajadores de la disuelta Afsca y agregaron la desacreditaci\u00f3n p\u00fablica de la jueza de primera instancia que orden\u00f3 al Ejecutivo a convocar a la paritaria nacional docente. Todos derechos resguardos en los convenios de la OIT.<\/p>\n<p>Pero tambi\u00e9n sumaron a la ampliaci\u00f3n de la denuncia la afirmaci\u00f3n del secretario de Empleo, Miguel Ponte, que dijo que \u201cpara las empresas despedir trabajadores tiene que ser algo natural, como comer y descomer\u201d. Las del ex ministro de Econom\u00eda, Alfonso Prat Gay, que justific\u00f3 los miles de despidos de trabajadores estatales al afirmar que no iban \u201ca dejar la grasa militante, vamos a contratar gente id\u00f3nea y eliminar \u00f1oquis\u201d y \u00a0que \u201chasta ahora estuvimos acomodando la basura\u201d. Las expresiones del ministro de la Producci\u00f3n, Francisco Cabrera, al sostener que el aumento de las suspensiones de trabajadores por parte de sus empleadores eran \u201cuna buena noticia\u201d. Y, por \u00faltimo, las declaraciones del propio Macri en contra de la reducci\u00f3n de la jornada laboral, defini\u00e9ndola como \u201cun costo\u201d que pagan todos los argentinos y que \u201chay que trabajar los s\u00e1bados y domingos\u201d. A eso le sumaron la autorizaci\u00f3n que el ministro de Trabajo, Jorge Triaca, concedi\u00f3 a MacDonald\u2019s para contratar a 5 mil j\u00f3venes para trabajar 6 horas por d\u00eda con un sueldo inferior al salario m\u00ednimo vital y m\u00f3vil.<\/p>\n<p>\u201cEs mentira que la justicia laboral favorece siempre a los trabajadores. En los \u00faltimos diez a\u00f1os, hubo 21 fallos plenarios de la C\u00e1mara Nacional del Trabajo, donde los trabajadores perdimos 11 a 5: 10 fueron a favor de los empleadores, 5 a favor de los trabajadores, 1 que dividi\u00f3 el fallo para ambos y otros 4 que no estaban referidos a contratos laborales\u201d, rese\u00f1\u00f3 Recalde ante los periodistas.<\/p>\n<p>La ampliaci\u00f3n de la denuncia ante la OIT tambi\u00e9n lleva la firma de casi 50 entidades, que van desde la Asociaci\u00f3n Latinoamericana de Jueces del Trabajo, asociaciones de magistrados y funcionarios judiciales de distintas provincias, colegios y asociaciones de abogados de todo el pa\u00eds, las centrales de trabajadores como la CGT y CTA, corrientes internas y sindicatos, adem\u00e1s de c\u00e1maras como Apymes y Cgera.<\/p>\n<h6>Fuente: P\u00e1gina 12<\/h6>\n","protected":false},"excerpt":{"rendered":"<p>Los diputados ampliaron su presentaci\u00f3n contra la gesti\u00f3n de Mauricio Macri por su ofensiva contra la Justicia laboral y la divisi\u00f3n de poderes. \u201cPersiguen jueces y abogados para intimidar\u201d, concluyeron durante el anuncio.<\/p>\n","protected":false},"author":2,"featured_media":64966,"comment_status":"closed","ping_status":"closed","sticky":false,"template":"","format":"standard","meta":{"footnotes":""},"categories":[8],"tags":[21],"class_list":["post-64965","post","type-post","status-publish","format-standard","has-post-thumbnail","hentry","category-informe-nacional","tag-argentina"],"_links":{"self":[{"href":"http:\/\/argentinamunicipal.com.ar\/argentina\/wp-json\/wp\/v2\/posts\/64965","targetHints":{"allow":["GET"]}}],"collection":[{"href":"http:\/\/argentinamunicipal.com.ar\/argentina\/wp-json\/wp\/v2\/posts"}],"about":[{"href":"http:\/\/argentinamunicipal.com.ar\/argentina\/wp-json\/wp\/v2\/types\/post"}],"author":[{"embeddable":true,"href":"http:\/\/argentinamunicipal.com.ar\/argentina\/wp-json\/wp\/v2\/users\/2"}],"replies":[{"embeddable":true,"href":"http:\/\/argentinamunicipal.com.ar\/argentina\/wp-json\/wp\/v2\/comments?post=64965"}],"version-history":[{"count":0,"href":"http:\/\/argentinamunicipal.com.ar\/argentina\/wp-json\/wp\/v2\/posts\/64965\/revisions"}],"wp:featuredmedia":[{"embeddable":true,"href":"http:\/\/argentinamunicipal.com.ar\/argentina\/wp-json\/wp\/v2\/media\/64966"}],"wp:attachment":[{"href":"http:\/\/argentinamunicipal.com.ar\/argentina\/wp-json\/wp\/v2\/media?parent=64965"}],"wp:term":[{"taxonomy":"category","embeddable":true,"href":"http:\/\/argentinamunicipal.com.ar\/argentina\/wp-json\/wp\/v2\/categories?post=64965"},{"taxonomy":"post_tag","embeddable":true,"href":"http:\/\/argentinamunicipal.com.ar\/argentina\/wp-json\/wp\/v2\/tags?post=64965"}],"curies":[{"name":"wp","href":"https:\/\/api.w.org\/{rel}","templated":true}]}}