{"id":64968,"date":"2017-07-04T07:09:39","date_gmt":"2017-07-04T10:09:39","guid":{"rendered":"http:\/\/argentinamunicipal.com.ar\/argentina\/?p=64968"},"modified":"2017-07-04T07:09:39","modified_gmt":"2017-07-04T10:09:39","slug":"intendente-santa-fe-critico-la-ciudad-este-excluida-del-fondo-obras-menores","status":"publish","type":"post","link":"http:\/\/argentinamunicipal.com.ar\/argentina\/intendente-santa-fe-critico-la-ciudad-este-excluida-del-fondo-obras-menores\/","title":{"rendered":"El intendente de Santa Fe critic\u00f3 que la ciudad est\u00e9 excluida del Fondo de Obras Menores"},"content":{"rendered":"<p>El intendente apunt\u00f3 contra el senador Emilio Jat\u00f3n, precandidato del Frente Progresista a concejal, por \u00abno haber defendido el inter\u00e9s\u00bb de la capital provincial. \u00abNuestro senador se durmi\u00f3\u00bb, dijo el mandatario local.<\/p>\n<p>Aunque la campa\u00f1a proselitista oficialmennte no est\u00e1 en marcha, el cruce de declaraciones entre los contendientes va tomando temperatura. Una confrontaci\u00f3n que promete varios cap\u00edtulos es la que protagonizar\u00e1n el radicalismo que gobierna la capital provincial y sus exaliados socialistas, en el Frente Progresista.<\/p>\n<p>En ese marco, en la ma\u00f1ana de este lunes, el intendente Jos\u00e9 Corral le enrostr\u00f3 al senador Emilio Jat\u00f3n que \u00abno haya defendido el inter\u00e9s de la ciudad de Santa Fe para incluirla en el Fondo de Obras Menores\u00bb, que la provincia asigna a las municipalidades.<\/p>\n<p>\u00abNosotros lamentamos que el senador Emilio Jat\u00f3n no haya defendido el inter\u00e9s de la ciudad de Santa Fe de incluir el Fondo de Obras Menores. Ustedes saben que Santa Fe y Rosario est\u00e1n discriminadas porque no contamos con esos fondos que para este a\u00f1o representar\u00edan m\u00e1s de 70 millones de pesos. Para que el vecino tenga una idea, se podr\u00edan repavimentar m\u00e1s de 80 cuadras de\u00a0asfalto, con lo que eso significa para la ciudad\u00bb, grafic\u00f3 Corral en di\u00e1logo con la prensa.<\/p>\n<p>\u00abEs injustificado que no estemos incluidos en estos fondos. En su momento la explicaci\u00f3n es que ten\u00edamos el Fondo del Conurbano, pero eso qued\u00f3 totalmente desactualizado porque qued\u00f3 fijo en pesos, y con la inflaci\u00f3n hoy son insignificantes\u00bb, subray\u00f3 el mandatario local y presidente nacional de la UCR.<\/p>\n<p>\u00abLa verdad que cuando el tema se discuti\u00f3 en C\u00e1mara de Senadores de la provincia, nuestro senador se durmi\u00f3 un poco, porque deber\u00eda defender m\u00e1s a nuestra ciudad y nuestros intereses, porque esos son fondos que nos corresponden. No hay ni siquiera un proyecto presentado en este sentido, y es un compromiso que firmamos e incluimos en el\u00a0Acuerdo Capital, que tambi\u00e9n firmaron los legisladores, y que por lo tanto \u00e9l suscribi\u00f3. Es un compromiso que debe honrar, as\u00ed como lo hicieron los diputados\u00bb, critic\u00f3 el intendente, aliado clave del presidente Mauricio Macri en Cambiemos.<\/p>\n<p>\u00abNosotros presentamos varias veces el reclamo de que la Ciudad tiene que estar incluida en Obras Menores, y sobre todo presentamos qu\u00e9 tipo de obras har\u00edamos: pavimento fundamentalmente en la zona norte de Santa Fe, para completar los recorridos de los\u00a0colectivos\u00bb, record\u00f3 Corral.<\/p>\n<h6>Fuente: Uno Santa Fe<\/h6>\n","protected":false},"excerpt":{"rendered":"<p>El intendente apunt\u00f3 contra el senador Emilio Jat\u00f3n, precandidato del Frente Progresista a concejal, por \u00abno haber defendido el inter\u00e9s\u00bb de la capital provincial. \u00abNuestro senador se durmi\u00f3\u00bb, dijo el mandatario local.<\/p>\n","protected":false},"author":2,"featured_media":64969,"comment_status":"closed","ping_status":"closed","sticky":false,"template":"","format":"standard","meta":{"footnotes":""},"categories":[4],"tags":[10],"class_list":["post-64968","post","type-post","status-publish","format-standard","has-post-thumbnail","hentry","category-informe-politico","tag-santa-fe"],"_links":{"self":[{"href":"http:\/\/argentinamunicipal.com.ar\/argentina\/wp-json\/wp\/v2\/posts\/64968","targetHints":{"allow":["GET"]}}],"collection":[{"href":"http:\/\/argentinamunicipal.com.ar\/argentina\/wp-json\/wp\/v2\/posts"}],"about":[{"href":"http:\/\/argentinamunicipal.com.ar\/argentina\/wp-json\/wp\/v2\/types\/post"}],"author":[{"embeddable":true,"href":"http:\/\/argentinamunicipal.com.ar\/argentina\/wp-json\/wp\/v2\/users\/2"}],"replies":[{"embeddable":true,"href":"http:\/\/argentinamunicipal.com.ar\/argentina\/wp-json\/wp\/v2\/comments?post=64968"}],"version-history":[{"count":0,"href":"http:\/\/argentinamunicipal.com.ar\/argentina\/wp-json\/wp\/v2\/posts\/64968\/revisions"}],"wp:featuredmedia":[{"embeddable":true,"href":"http:\/\/argentinamunicipal.com.ar\/argentina\/wp-json\/wp\/v2\/media\/64969"}],"wp:attachment":[{"href":"http:\/\/argentinamunicipal.com.ar\/argentina\/wp-json\/wp\/v2\/media?parent=64968"}],"wp:term":[{"taxonomy":"category","embeddable":true,"href":"http:\/\/argentinamunicipal.com.ar\/argentina\/wp-json\/wp\/v2\/categories?post=64968"},{"taxonomy":"post_tag","embeddable":true,"href":"http:\/\/argentinamunicipal.com.ar\/argentina\/wp-json\/wp\/v2\/tags?post=64968"}],"curies":[{"name":"wp","href":"https:\/\/api.w.org\/{rel}","templated":true}]}}