{"id":64998,"date":"2017-07-04T05:14:49","date_gmt":"2017-07-04T08:14:49","guid":{"rendered":"http:\/\/argentinamunicipal.com.ar\/argentina\/?p=64998"},"modified":"2017-07-04T08:18:19","modified_gmt":"2017-07-04T11:18:19","slug":"el-mismo-reclamo-en-todo-el-mundo","status":"publish","type":"post","link":"http:\/\/argentinamunicipal.com.ar\/argentina\/el-mismo-reclamo-en-todo-el-mundo\/","title":{"rendered":"El mismo reclamo en todo el mundo"},"content":{"rendered":"<p>En Internet se juntaron ayer alrededor de tres mil firmas por hora en apoyo a la dirigente social de la Tupac Amaru. El comit\u00e9 por su liberaci\u00f3n hizo una conferencia de prensa frente a la Corte Suprema, que demora el an\u00e1lisis del caso.<\/p>\n<p>Los primeros efectos de la campa\u00f1a internacional por la libertad de Milagro Sala sorprendi\u00f3 a los organizadores. El nuevo portal liberenamilagro.org (http:\/\/www.liberenamilagro.org\/) recogi\u00f3 un promedio de 3.300 firmas por hora desde su lanzamiento, ayer a las once de la ma\u00f1ana. A las seis de la tarde hab\u00eda superado las 22.000 adhesiones. Y el hashtag #LiberenAMilagro fue tendencia 9 horas y media en Twitter. Hubo cierta preocupaci\u00f3n al comienzo por algo que parec\u00eda un bloqueo, pero fue moment\u00e1neo. Y durante el d\u00eda hubo hubo mucho activismo y movilizaci\u00f3n en las redes. L\u00edderes latinoamericanos que hab\u00edan firmado las primeras adhesiones, como Dilma Rousseff y Cristina Fern\u00e1ndez de Kirchner, promocionaron la campa\u00f1a desde sus cuentas de Twitter y Telegram. \u201cMilagro, mujer, ind\u00edgena. Presa pol\u00edtica por luchar por los derechos de su comunidad\u201d, escribi\u00f3 la ex mandataria de Brasil. \u201c\u00bfYa firmaste la petici\u00f3n para que #LiberenAMilagro?\u201d, puso CFK. La campa\u00f1a, con nueva plataforma digital se lanz\u00f3 en una conferencia de prensa en Tribunales, frente al edificio de la Corte Suprema de Justicia. El Comit\u00e9 por la Libertad, Madres de Plaza de Mayo L\u00ednea Fundadora y otros organismos de derechos humanos reclamaron a la Corte, una vez m\u00e1s, la libertad inmediata y la pronta resoluci\u00f3n de dos reclamos pendientes. Y anunciaron una serie de actividades durante toda la semana en paralelo al comienzo del nuevo per\u00edodo de sesiones de la Comisi\u00f3n Interamericana de Derechos Humanos (CIDH) esta vez en Per\u00fa, de la cual se espera el an\u00e1lisis de la cautelar por el reclamo de la detenci\u00f3n arbitraria.<\/p>\n<p>\u201cQueremos rescatar a Milagro Sala que es un reh\u00e9n de la democracia argentina\u201d, dijo Horacio Verbistsky, presidente del CELS en la conferencia de prensa en la que critic\u00f3 la \u201cdiscrecionalidad de tipo mon\u00e1rquico\u201d del m\u00e1ximo tribunal. \u201cY si la l\u00edder social m\u00e1s importante de este pa\u00eds puede ser privada de su libertad en forma arbitraria, la democracia argentina y todos nosotros estamos en peligro\u201d, explic\u00f3. \u201cLa Corte tiene la llave de la c\u00e1rcel donde est\u00e1 detenida Milagro desde hace un a\u00f1o y medio\u201d, este es el sentido de la convocatoria, \u201cesperemos que la Corte Suprema oiga, mire y hable. Que deje de taparse los ojos, los o\u00eddos y la boca\u201d.<\/p>\n<p>En la mesa pensada como escena pol\u00edtica en medio de la afiebrada plaza de tribunales se sucedieron Estela D\u00edaz, Mara Brawer y Elena Naddeo del Comit\u00e9. Vera Jarach y Taty Almeida, de Madres de Plaza de Mayo L\u00ednea Fundadora y Elizabeth G\u00f3mez Alcorta, defensora de Milagro Sala. Sucedi\u00f3 a horas del comienzo de un nuevo d\u00eda martes, el d\u00eda en que se re\u00fanen los miembros del m\u00e1ximo tribunal y, por lo tanto, el d\u00eda en que las y los presos pol\u00edticos de la Tupac Amaru esperan hace meses las definiciones de la Corte que todav\u00eda no llegan. As\u00ed lo record\u00f3 Gomez Alcorta. Dijo que la Corte tiene en sus manos los dict\u00e1menes de la procuradora general Alejandra Gils Carb\u00f3 que sostienen que la detenci\u00f3n de Milagro es arbitraria. Y advirti\u00f3 que los expedientes est\u00e1n demorados all\u00ed hace 90 d\u00edas.<\/p>\n<p>La mesa tuvo a la Corte como uno de los centros de demanda. Pero tambi\u00e9n al gobierno de Mauricio Macri, que desoy\u00f3 el mandato del Grupo de Trabajo de Naciones Unidas, que resolvi\u00f3 en octubre del a\u00f1o pasado ordenar la libertad inmediata de la dirigente ind\u00edgena. La mesa tambi\u00e9n le habl\u00f3 a los integrantes de la CIDH que estos d\u00edas se re\u00fanen en Per\u00fa.<\/p>\n<p>\u201cDel 3 al 7 comienza a sesionar en Per\u00fa la Comisi\u00f3n Interamericana de Derechos Humanos\u201d, dijo Estela D\u00edaz. \u201cEllos tienen un recurso, una medida cautelar por la libertad de Milagro y tenemos mucha expectativa por eso, como as\u00ed tambi\u00e9n por el tratamiento que van a hacer sobre la realidad argentina\u201d, explic\u00f3 al recordar la reciente visita de la CIDH al pa\u00eds, durante la cual le entregaron un \u201cdocumento de m\u00e1s de 300 p\u00e1ginas con denuncias de vulneraci\u00f3n de derechos, violaci\u00f3n de derechos humanos a lo largo y ancho del pa\u00eds desde que asumi\u00f3 la alianza de Cambiemos\u201d.<\/p>\n<p>Como sucedi\u00f3 durante la visita de la CIDH al pa\u00eds cuando distintas organizaciones realizaron una marcha de antorchas frente al hotel Sheraton como homenaje y reconocimiento al rol del organismo en 1979 y en este presente, durante esta semana se har\u00e1 todo tipo de actividades en la Plaza Lavalle a modo de vigilia. Pero como sucedi\u00f3 con la marcha de antorchas ser\u00e1 no s\u00f3lo un reconocimiento sino una forma de mostrar que las organizaciones est\u00e1n esperando el an\u00e1lisis y la decisi\u00f3n de la cautelar sobre Milagro Sala que los integrantes del organismo se comprometieron a realizar durante la visita al penal del Alto Comedero.<\/p>\n<p>La nueva campa\u00f1a concentra todos estos puntos. Busca darle peso y visibilidad a esa fuerza que crece en el mundo pidiendo por las libertades y el freno a las detenciones arbitrarias en el pa\u00eds. Ante los o\u00eddos sordos del gobierno y del poder judicial, las campa\u00f1as de solidaridad en el mundo que se muestran en la plataforma digital busca profundizar v\u00edas alternativas de presi\u00f3n a estos reclamos. Mara Brawer dio cuenta de esas caracter\u00edsticas de la campa\u00f1a y dijo: \u201cBuscamos adhesiones a una petici\u00f3n para pedirle a Macri que cumpla con la resoluci\u00f3n del Grupo de Trabajo de Naciones Unidas. Hoy estamos pidiendo en Argentina y en el mundo, que todos entren a la p\u00e1gina a firmar el petitorio que en las primeras horas, ya firmaron m\u00e1s de doscientas figuras internacionales\u201d. Brawer habl\u00f3 brevemente de lo que hasta all\u00ed parec\u00eda un intento de boicot a la campa\u00f1a, y termin\u00f3 acotado a las primeras horas. Pero lo que al comienzo parec\u00eda un ej\u00e9rcito de trolls impidiendo la difusi\u00f3n de la comunicaci\u00f3n para el mundo, con el paso de las horas se diluy\u00f3. Las alarmas de todos modos quedaron encendidas, como sucede con cada cosa extra\u00f1a que sucede desde el cambio de gobierno. \u201cA este gobierno sabemos que le preocupa el escenario internacional y que es lo que mas les duele -dijo Brawer\u2013, por eso creemos que fue este vergonzante bloqueo\u201d.<\/p>\n<p>Hasta el lanzamiento, la campa\u00f1a hab\u00eda recogido, entre mucho otras, las firmas de Rousseff, Baltasar Garz\u00f3n, Julian Assange, Chico Buarque, Leonardo Boff, Estela Carlotto, Taty Almeida, Lita Boitano y Hugo Yasky. Firmaron parlamentarios europeos, del Parlasur y cientos de periodistas, actores, acad\u00e9micos, dirigentes pol\u00edticos, sociales y gremiales. Milagro Sala est\u00e1 detenida desde el 16 de enero de 2016. Cada hora espera la libertad.<\/p>\n<h6>Fuente: P\u00e1gina 12<\/h6>\n","protected":false},"excerpt":{"rendered":"<p>En Internet se juntaron ayer alrededor de tres mil firmas por hora en apoyo a la dirigente social de la Tupac Amaru. El comit\u00e9 por su liberaci\u00f3n hizo una conferencia de prensa frente a la Corte Suprema, que demora el an\u00e1lisis del caso.<\/p>\n","protected":false},"author":2,"featured_media":64999,"comment_status":"closed","ping_status":"closed","sticky":false,"template":"","format":"standard","meta":{"footnotes":""},"categories":[8],"tags":[21],"class_list":["post-64998","post","type-post","status-publish","format-standard","has-post-thumbnail","hentry","category-informe-nacional","tag-argentina"],"_links":{"self":[{"href":"http:\/\/argentinamunicipal.com.ar\/argentina\/wp-json\/wp\/v2\/posts\/64998","targetHints":{"allow":["GET"]}}],"collection":[{"href":"http:\/\/argentinamunicipal.com.ar\/argentina\/wp-json\/wp\/v2\/posts"}],"about":[{"href":"http:\/\/argentinamunicipal.com.ar\/argentina\/wp-json\/wp\/v2\/types\/post"}],"author":[{"embeddable":true,"href":"http:\/\/argentinamunicipal.com.ar\/argentina\/wp-json\/wp\/v2\/users\/2"}],"replies":[{"embeddable":true,"href":"http:\/\/argentinamunicipal.com.ar\/argentina\/wp-json\/wp\/v2\/comments?post=64998"}],"version-history":[{"count":0,"href":"http:\/\/argentinamunicipal.com.ar\/argentina\/wp-json\/wp\/v2\/posts\/64998\/revisions"}],"wp:featuredmedia":[{"embeddable":true,"href":"http:\/\/argentinamunicipal.com.ar\/argentina\/wp-json\/wp\/v2\/media\/64999"}],"wp:attachment":[{"href":"http:\/\/argentinamunicipal.com.ar\/argentina\/wp-json\/wp\/v2\/media?parent=64998"}],"wp:term":[{"taxonomy":"category","embeddable":true,"href":"http:\/\/argentinamunicipal.com.ar\/argentina\/wp-json\/wp\/v2\/categories?post=64998"},{"taxonomy":"post_tag","embeddable":true,"href":"http:\/\/argentinamunicipal.com.ar\/argentina\/wp-json\/wp\/v2\/tags?post=64998"}],"curies":[{"name":"wp","href":"https:\/\/api.w.org\/{rel}","templated":true}]}}