{"id":65001,"date":"2017-07-04T08:21:41","date_gmt":"2017-07-04T11:21:41","guid":{"rendered":"http:\/\/argentinamunicipal.com.ar\/argentina\/?p=65001"},"modified":"2017-07-04T08:21:41","modified_gmt":"2017-07-04T11:21:41","slug":"tras-la-fusion-clarin-telecom-concentraran-poder-sin-precedentes-las-comunicaciones","status":"publish","type":"post","link":"http:\/\/argentinamunicipal.com.ar\/argentina\/tras-la-fusion-clarin-telecom-concentraran-poder-sin-precedentes-las-comunicaciones\/","title":{"rendered":"Tras la fusi\u00f3n, Clar\u00edn y Telecom concentrar\u00e1n un poder sin precedentes en las comunicaciones"},"content":{"rendered":"<p>Se anunci\u00f3 oficialmente la operaci\u00f3n, que lleva a una peligrosa desproporci\u00f3n en el manejo del sector. Cable, Internet, telefon\u00eda fija y m\u00f3vil son las principales \u00e1reas de dominio.<\/p>\n<p>Los directorios de\u00a0Cablevisi\u00f3n S.A. y Telecom Argentina\u00a0anunciaron este viernes que fusionar\u00e1n sus estructuras societarias y operacionales para\u00a0constituir una nueva compa\u00f1\u00eda, que brindar\u00e1 el servicio conocido como cu\u00e1druple play, es decir una combinaci\u00f3n de telecomunicaciones fijas y m\u00f3viles, distribuci\u00f3n de video e internet.<\/p>\n<p>M\u00e1s all\u00e1 del anuncio formal, la medida genera muchas cr\u00edticas por concentrar como nunca antes el poder en una sola empresa en el \u00e1rea de las telecomunicaciones y la informaci\u00f3n. Tanto es as\u00ed, que\u00a0la flamante fusi\u00f3n ostentar\u00e1\u00a0el 42% del mercado de telefon\u00eda fija, el 34% de la telefon\u00eda m\u00f3vil, el 56% de las conexiones a Internet por banda ancha fija, el 35% de conectividad m\u00f3vil y el 40% TV paga.<\/p>\n<p>Se concentrar\u00e1 como nunca antes en una sola empresa el poder en el \u00e1rea de las telecomunicaciones y la informaci\u00f3n<\/p>\n<p>Seg\u00fan destaca el especialista\u00a0Mart\u00edn Becerra, estos porcentajes son m\u00e1s elevados en las zonas de mayor poder adquisitivo y concentraci\u00f3n demogr\u00e1fica del pa\u00eds.<\/p>\n<p>Y se debe recordar adem\u00e1s que,\u00a0por fuera de Cablevisi\u00f3n, el grupo Clar\u00edn\u00a0es adem\u00e1s\u00a0\u00abel mayor editor de diarios, es propietario de radios l\u00edderes en AM (Radio Mitre) y FM (La 100) y de una de las cadenas de televisi\u00f3n abiertas m\u00e1s importantes (El Trece), adem\u00e1s de ser accionista en Papel Prensa SA, la Agencia DyN y poseer se\u00f1ales de TV paga\u00bb, tal como se\u00f1ala el docente de la UBA y la UNQ e investigador del Conicet.<\/p>\n<p>De ser aprobada la fusi\u00f3n por el gobierno, cosa que se da por descontada,\u00a0el 40% de las acciones de la nueva empresa quedar\u00e1n en manos de Fintech, el 33% pertenecer\u00e1 al Grupo Clar\u00edn\u00a0y el 27% restante cotizar\u00e1 en bolsa.<\/p>\n<h6>Fuente: InfoNews<\/h6>\n","protected":false},"excerpt":{"rendered":"<p>Se anunci\u00f3 oficialmente la operaci\u00f3n, que lleva a una peligrosa desproporci\u00f3n en el manejo del sector. Cable, Internet, telefon\u00eda fija y m\u00f3vil son las principales \u00e1reas de dominio.<\/p>\n","protected":false},"author":2,"featured_media":65002,"comment_status":"closed","ping_status":"closed","sticky":false,"template":"","format":"standard","meta":{"footnotes":""},"categories":[8],"tags":[21],"class_list":["post-65001","post","type-post","status-publish","format-standard","has-post-thumbnail","hentry","category-informe-nacional","tag-argentina"],"_links":{"self":[{"href":"http:\/\/argentinamunicipal.com.ar\/argentina\/wp-json\/wp\/v2\/posts\/65001","targetHints":{"allow":["GET"]}}],"collection":[{"href":"http:\/\/argentinamunicipal.com.ar\/argentina\/wp-json\/wp\/v2\/posts"}],"about":[{"href":"http:\/\/argentinamunicipal.com.ar\/argentina\/wp-json\/wp\/v2\/types\/post"}],"author":[{"embeddable":true,"href":"http:\/\/argentinamunicipal.com.ar\/argentina\/wp-json\/wp\/v2\/users\/2"}],"replies":[{"embeddable":true,"href":"http:\/\/argentinamunicipal.com.ar\/argentina\/wp-json\/wp\/v2\/comments?post=65001"}],"version-history":[{"count":0,"href":"http:\/\/argentinamunicipal.com.ar\/argentina\/wp-json\/wp\/v2\/posts\/65001\/revisions"}],"wp:featuredmedia":[{"embeddable":true,"href":"http:\/\/argentinamunicipal.com.ar\/argentina\/wp-json\/wp\/v2\/media\/65002"}],"wp:attachment":[{"href":"http:\/\/argentinamunicipal.com.ar\/argentina\/wp-json\/wp\/v2\/media?parent=65001"}],"wp:term":[{"taxonomy":"category","embeddable":true,"href":"http:\/\/argentinamunicipal.com.ar\/argentina\/wp-json\/wp\/v2\/categories?post=65001"},{"taxonomy":"post_tag","embeddable":true,"href":"http:\/\/argentinamunicipal.com.ar\/argentina\/wp-json\/wp\/v2\/tags?post=65001"}],"curies":[{"name":"wp","href":"https:\/\/api.w.org\/{rel}","templated":true}]}}