{"id":65028,"date":"2017-07-05T07:18:00","date_gmt":"2017-07-05T10:18:00","guid":{"rendered":"http:\/\/argentinamunicipal.com.ar\/argentina\/?p=65028"},"modified":"2017-07-05T07:18:00","modified_gmt":"2017-07-05T10:18:00","slug":"sipreba-las-cta-mas-50-sindicatos-marcharan-los-derechos-laborales","status":"publish","type":"post","link":"http:\/\/argentinamunicipal.com.ar\/argentina\/sipreba-las-cta-mas-50-sindicatos-marcharan-los-derechos-laborales\/","title":{"rendered":"El SiPreBA, las CTA y m\u00e1s de 50 sindicatos marchar\u00e1n por los derechos laborales"},"content":{"rendered":"<p>Ser\u00e1 un acto en repudio a los agravios de Mauricio Macri y sus ministros a la Justicia del trabajo, a los jueces y juezas laborales y a los abogados laboralistas.<\/p>\n<p>Ambas centrales y m\u00e1s de 50 sindicatos judiciales y diversas asociaciones de abogados realizar\u00e1n el mi\u00e9rcoles 5 a las 18 en el Hotel Bauen, Callao 350, un acto en respuesta a la denuncia del presidente Mauricio Macri sobre la presunta existencia de una \u201cindustria del juicio\u201d y \u201cmafias\u201d de abogados que defienden a los trabajadores.<\/p>\n<p>Mat\u00edas Cremonte, presidente de la Asociaci\u00f3n de Abogados Laboralistas, afirm\u00f3 que el acto se realizar\u00e1 para \u201cresistir esta feroz ofensiva que, con la excusa de atacar a los abogados, en verdad pretende atacar los derechos de los trabajadores\u201d.<\/p>\n<p>Convocan al acto la la CTA Aut\u00f3noma, la CTA de los Trabajadores, Asamblea Permanente por los Derechos Humanos (APDH), Federaci\u00f3n Judicial Argentina (FJA), Centro de Estudios Legales y Sociales (CELS), Federaci\u00f3n de Trabajadores de la Industria, la Energ\u00eda, los Servicios y Afines (FETIA), Asociaci\u00f3n de Abogados Laboralistas (AAL), Asociaci\u00f3n Latinoamericana de Abogados Laboralistas (ALAL), Sindicato de Prensa de Buenos Aires (SIpreBA), Federaci\u00f3n Argentina de Trabajadores de Prensa (FATPREN), Metrodelegados, Federaci\u00f3n de Trabajadores Aceiteros y Desmotadores (FTCIODyARA), Sindicato de Obreros y Empleados de la Industria Aceitera (SOEIA), Asociaci\u00f3n del Personal Jer\u00e1rquico de la Industria del Gas Natural, derivados y afines (APJ GAS), Asociaci\u00f3n Trabajadores del Estado (ATE), Confederaci\u00f3n Latinoamericana y del Caribe de Trabajadores del Estado (CLATE), Uni\u00f3n de Empleados de la Justicia Nacional (UEJN), entre m\u00e1s de 50 organizaciones.<\/p>\n<p>Cremonte asegur\u00f3 que no hay industria del juicio sino industria del incumplimiento. Macri no ataca a los abogados ni a los jueces, ataca a los trabajadores\u201d.<\/p>\n<p>Y concluy\u00f3 que el jefe de Estado pretende instalar el clima propicio para una reforma laboral profunda\u201d.<\/p>\n<h6>Fuente: InfoNews<\/h6>\n","protected":false},"excerpt":{"rendered":"<p>Ser\u00e1 un acto en repudio a los agravios de Mauricio Macri y sus ministros a la Justicia del trabajo, a los jueces y juezas laborales y a los abogados laboralistas.<\/p>\n","protected":false},"author":2,"featured_media":65029,"comment_status":"closed","ping_status":"closed","sticky":false,"template":"","format":"standard","meta":{"footnotes":""},"categories":[8],"tags":[21],"class_list":["post-65028","post","type-post","status-publish","format-standard","has-post-thumbnail","hentry","category-informe-nacional","tag-argentina"],"_links":{"self":[{"href":"http:\/\/argentinamunicipal.com.ar\/argentina\/wp-json\/wp\/v2\/posts\/65028","targetHints":{"allow":["GET"]}}],"collection":[{"href":"http:\/\/argentinamunicipal.com.ar\/argentina\/wp-json\/wp\/v2\/posts"}],"about":[{"href":"http:\/\/argentinamunicipal.com.ar\/argentina\/wp-json\/wp\/v2\/types\/post"}],"author":[{"embeddable":true,"href":"http:\/\/argentinamunicipal.com.ar\/argentina\/wp-json\/wp\/v2\/users\/2"}],"replies":[{"embeddable":true,"href":"http:\/\/argentinamunicipal.com.ar\/argentina\/wp-json\/wp\/v2\/comments?post=65028"}],"version-history":[{"count":0,"href":"http:\/\/argentinamunicipal.com.ar\/argentina\/wp-json\/wp\/v2\/posts\/65028\/revisions"}],"wp:featuredmedia":[{"embeddable":true,"href":"http:\/\/argentinamunicipal.com.ar\/argentina\/wp-json\/wp\/v2\/media\/65029"}],"wp:attachment":[{"href":"http:\/\/argentinamunicipal.com.ar\/argentina\/wp-json\/wp\/v2\/media?parent=65028"}],"wp:term":[{"taxonomy":"category","embeddable":true,"href":"http:\/\/argentinamunicipal.com.ar\/argentina\/wp-json\/wp\/v2\/categories?post=65028"},{"taxonomy":"post_tag","embeddable":true,"href":"http:\/\/argentinamunicipal.com.ar\/argentina\/wp-json\/wp\/v2\/tags?post=65028"}],"curies":[{"name":"wp","href":"https:\/\/api.w.org\/{rel}","templated":true}]}}