{"id":65034,"date":"2017-07-05T07:33:35","date_gmt":"2017-07-05T10:33:35","guid":{"rendered":"http:\/\/argentinamunicipal.com.ar\/argentina\/?p=65034"},"modified":"2017-07-05T07:33:35","modified_gmt":"2017-07-05T10:33:35","slug":"audiencia-publica-concejo-rosarino-regreso-los-trenes-metropolitanos","status":"publish","type":"post","link":"http:\/\/argentinamunicipal.com.ar\/argentina\/audiencia-publica-concejo-rosarino-regreso-los-trenes-metropolitanos\/","title":{"rendered":"Audiencia p\u00fablica en el Concejo rosarino por el regreso de los trenes metropolitanos"},"content":{"rendered":"<p>El Concejo debatir\u00e1 hoy en audiencia p\u00fablica la posible recuperaci\u00f3n de los trenes metropolitanos para el sur de la provincia de Santa Fe.<\/p>\n<p>El Concejo debatir\u00e1 hoy en audiencia p\u00fablica la posible recuperaci\u00f3n de los trenes metropolitanos para el sur de la provincia de Santa Fe. Ediles, organizaciones no gubernamentales, especialistas y usuarios analizar\u00e1n la viabilidad de esta iniciativa desde las 10 en el recinto del Palacio Vasallo.<\/p>\n<p>La convocatoria, formulada por el concejal Eduardo Toniolli (PJ) tiene como objetivo \u00abponer en agenda la necesidad de reactivaci\u00f3n del sistema ferroviario del sur de Santa Fe\u00bb.<\/p>\n<p>Participar\u00e1n autoridades de distintos niveles del Estado, concejales y representantes de municipios y comunas de la regi\u00f3n, gremios ferroviarios, y diversas instituciones de la sociedad civil y especialistas abocados a la materia.<\/p>\n<p>Se buscar\u00e1 construir acuerdos de cara a la concreci\u00f3n de un plan ferroviario metropolitano, en cumplimiento de la ley provincial 13.242 de Reactivaci\u00f3n del Sistema Ferroviario Santafesino aprobada en 2012.<\/p>\n<p>La asociaci\u00f3n de usuarios y consumidores Centro de Estudios Sociales y Acci\u00f3n Comunitaria (Cesyac) adelant\u00f3 que participar\u00e1 de la audiencia p\u00fablica.<\/p>\n<p>All\u00ed, la entidad de consumidores llevar\u00e1 su propuesta de creaci\u00f3n de una empresa metropolitana de servicios de trenes de pasajeros, integrada por el Estado nacional, provincial y los municipios y comunas por los que atraviese la traza de las l\u00edneas f\u00e9rreas tenga como objetivo principal la conectividad regional de pasajeros a trav\u00e9s del ferrocarril.<\/p>\n<p>\u00abHace a\u00f1os que se habla de la recuperaci\u00f3n de trenes y la necesidad de revitalizar el transporte de pasajeros a trav\u00e9s del ferrocarril pero las inversiones nunca llegan\u00bb, advirti\u00f3 el director ejecutivo del Cesyac.<\/p>\n<p>Para Aviano, \u00abes necesaria la coordinaci\u00f3n entre Naci\u00f3n, provincia y municipios y la mejor manera de lograrla es creando una empresa estatal con inversi\u00f3n p\u00fablica, con la posibilidad tambi\u00e9n de la participaci\u00f3n privada y en donde los usuarios y consumidores tengamos nuestra voz y nuestro voto para que las obras y los servicios sean los que realmente necesita la gente\u00bb, sostuvo el referente de la organizaci\u00f3n no gubernamental rosarina.<\/p>\n<h6>Fuente: La Capital Rosario<\/h6>\n","protected":false},"excerpt":{"rendered":"<p>El Concejo debatir\u00e1 hoy en audiencia p\u00fablica la posible recuperaci\u00f3n de los trenes metropolitanos para el sur de la provincia de Santa Fe.<\/p>\n","protected":false},"author":2,"featured_media":65035,"comment_status":"closed","ping_status":"closed","sticky":false,"template":"","format":"standard","meta":{"footnotes":""},"categories":[2],"tags":[10],"class_list":["post-65034","post","type-post","status-publish","format-standard","has-post-thumbnail","hentry","category-informe-municipal","tag-santa-fe"],"_links":{"self":[{"href":"http:\/\/argentinamunicipal.com.ar\/argentina\/wp-json\/wp\/v2\/posts\/65034","targetHints":{"allow":["GET"]}}],"collection":[{"href":"http:\/\/argentinamunicipal.com.ar\/argentina\/wp-json\/wp\/v2\/posts"}],"about":[{"href":"http:\/\/argentinamunicipal.com.ar\/argentina\/wp-json\/wp\/v2\/types\/post"}],"author":[{"embeddable":true,"href":"http:\/\/argentinamunicipal.com.ar\/argentina\/wp-json\/wp\/v2\/users\/2"}],"replies":[{"embeddable":true,"href":"http:\/\/argentinamunicipal.com.ar\/argentina\/wp-json\/wp\/v2\/comments?post=65034"}],"version-history":[{"count":0,"href":"http:\/\/argentinamunicipal.com.ar\/argentina\/wp-json\/wp\/v2\/posts\/65034\/revisions"}],"wp:featuredmedia":[{"embeddable":true,"href":"http:\/\/argentinamunicipal.com.ar\/argentina\/wp-json\/wp\/v2\/media\/65035"}],"wp:attachment":[{"href":"http:\/\/argentinamunicipal.com.ar\/argentina\/wp-json\/wp\/v2\/media?parent=65034"}],"wp:term":[{"taxonomy":"category","embeddable":true,"href":"http:\/\/argentinamunicipal.com.ar\/argentina\/wp-json\/wp\/v2\/categories?post=65034"},{"taxonomy":"post_tag","embeddable":true,"href":"http:\/\/argentinamunicipal.com.ar\/argentina\/wp-json\/wp\/v2\/tags?post=65034"}],"curies":[{"name":"wp","href":"https:\/\/api.w.org\/{rel}","templated":true}]}}