{"id":65037,"date":"2017-07-05T07:36:42","date_gmt":"2017-07-05T10:36:42","guid":{"rendered":"http:\/\/argentinamunicipal.com.ar\/argentina\/?p=65037"},"modified":"2017-07-05T07:36:42","modified_gmt":"2017-07-05T10:36:42","slug":"santa-fe-solo-federalismo-los-distritos-cambiemos","status":"publish","type":"post","link":"http:\/\/argentinamunicipal.com.ar\/argentina\/santa-fe-solo-federalismo-los-distritos-cambiemos\/","title":{"rendered":"Santa Fe: \u00abS\u00f3lo hay federalismo para los distritos de Cambiemos\u00bb"},"content":{"rendered":"<p>El ministro de la Producci\u00f3n y precandidato a diputado nacional por el Frente Progresista, Luis Contigiani, advirti\u00f3 que \u00aben 2017 los distritos que m\u00e1s fondos reciben de la Naci\u00f3n son los gobernados por Cambiemos: Capital, provincia de Buenos Aires y Jujuy. Por eso es tiempo de decir, no s\u00f3lo que le paguen lo que le deben a Santa Fe, sino que debemos ir al Congreso a discutir el federalismo, frente al bonapartismo con el que nos est\u00e1n gobernando\u00bb.<\/p>\n<p>El ministro de la Producci\u00f3n y precandidato a diputado nacional por el Frente Progresista, Luis Contigiani, advirti\u00f3 que \u00aben 2017 los distritos que m\u00e1s fondos reciben de la Naci\u00f3n son los gobernados por Cambiemos: Capital, provincia de Buenos Aires y Jujuy. Por eso es tiempo de decir, no s\u00f3lo que le paguen lo que le deben a Santa Fe, sino que debemos ir al Congreso a discutir el federalismo, frente al bonapartismo con el que nos est\u00e1n gobernando\u00bb.<\/p>\n<p>\u00abEn los 90 \u2014agreg\u00f3\u2014 transfirieron a las provincias los gastos de educaci\u00f3n, salud y seguridad pero se quedaron con los recursos en Buenos Aires. Esa pol\u00edtica de centralismo se mantuvo se mantiene hasta hoy e incumplen el fallo de la Corte respecto a la deuda hist\u00f3rica con Santa Fe\u00bb.<\/p>\n<p>Consultado sobre los dichos del primer precandidato a diputado nacional por Cambiemos Santa Fe, Albor Cantard, sobre que \u00absu candidato es Macri\u00bb, Contigiani dijo: \u00abNosotros respondemos que el nuestro es Santa Fe, porque no se puede pensar a nuestra provincia con ojos de Buenos Aires, mucho menos con los recetados de un gur\u00fa del marketing, que hace que los funcionarios ya ni siquiera discutan un modelo de pa\u00eds\u00bb.<\/p>\n<p>Luego, en declaraciones al programa En Profundidad, de Canal 4 Express, Contigiani traz\u00f3 diferencias con los candidatos del macrismo. \u00abHaber desarrollado pol\u00edticas p\u00fablicas que le permiten a Santa Fe tener los mejores \u00edndices econ\u00f3micos y sociales nos diferencia del gobierno nacional a la hora de la propuesta electoral\u00bb, dijo el ministro de la Producci\u00f3n.<\/p>\n<p>Luego cuestion\u00f3 lo que a su entender es \u00abun error estrat\u00e9gico\u00bb del gobierno nacional: \u00abLos grandes pensadores aconsejan ante cuadros recesivos intervenci\u00f3n econ\u00f3mica mediante obra p\u00fablica o alimentaci\u00f3n del consumo en el mercado interno para tratar de buscar el rebote. El gobierno se equivoca, porque en vez de ir por ese camino, m\u00e1s sustentable y transparente que el del gobierno anterior, termina con una pol\u00edtica monetarista en desuso en el mundo, afectando el poder adquisitivo de la poblaci\u00f3n\u00bb.<\/p>\n<p>\u00abLa plata no alcanza, la vida est\u00e1 muy dura, lo sabemos todos. El gobierno genera una burbuja financiera, abre la econom\u00eda con las importaciones\u00bb, clausur\u00f3 el ministro.<\/p>\n<h6>Fuente: La Capital Rosario<\/h6>\n","protected":false},"excerpt":{"rendered":"<p>El ministro de la Producci\u00f3n y precandidato a diputado nacional por el Frente Progresista, Luis Contigiani, advirti\u00f3 que \u00aben 2017 los distritos que m\u00e1s fondos reciben de la Naci\u00f3n son los gobernados por Cambiemos: Capital, provincia de Buenos Aires y Jujuy.<\/p>\n","protected":false},"author":2,"featured_media":65038,"comment_status":"closed","ping_status":"closed","sticky":false,"template":"","format":"standard","meta":{"footnotes":""},"categories":[4],"tags":[10],"class_list":["post-65037","post","type-post","status-publish","format-standard","has-post-thumbnail","hentry","category-informe-politico","tag-santa-fe"],"_links":{"self":[{"href":"http:\/\/argentinamunicipal.com.ar\/argentina\/wp-json\/wp\/v2\/posts\/65037","targetHints":{"allow":["GET"]}}],"collection":[{"href":"http:\/\/argentinamunicipal.com.ar\/argentina\/wp-json\/wp\/v2\/posts"}],"about":[{"href":"http:\/\/argentinamunicipal.com.ar\/argentina\/wp-json\/wp\/v2\/types\/post"}],"author":[{"embeddable":true,"href":"http:\/\/argentinamunicipal.com.ar\/argentina\/wp-json\/wp\/v2\/users\/2"}],"replies":[{"embeddable":true,"href":"http:\/\/argentinamunicipal.com.ar\/argentina\/wp-json\/wp\/v2\/comments?post=65037"}],"version-history":[{"count":0,"href":"http:\/\/argentinamunicipal.com.ar\/argentina\/wp-json\/wp\/v2\/posts\/65037\/revisions"}],"wp:featuredmedia":[{"embeddable":true,"href":"http:\/\/argentinamunicipal.com.ar\/argentina\/wp-json\/wp\/v2\/media\/65038"}],"wp:attachment":[{"href":"http:\/\/argentinamunicipal.com.ar\/argentina\/wp-json\/wp\/v2\/media?parent=65037"}],"wp:term":[{"taxonomy":"category","embeddable":true,"href":"http:\/\/argentinamunicipal.com.ar\/argentina\/wp-json\/wp\/v2\/categories?post=65037"},{"taxonomy":"post_tag","embeddable":true,"href":"http:\/\/argentinamunicipal.com.ar\/argentina\/wp-json\/wp\/v2\/tags?post=65037"}],"curies":[{"name":"wp","href":"https:\/\/api.w.org\/{rel}","templated":true}]}}