{"id":65076,"date":"2017-07-07T06:54:57","date_gmt":"2017-07-07T09:54:57","guid":{"rendered":"http:\/\/argentinamunicipal.com.ar\/argentina\/?p=65076"},"modified":"2017-07-07T06:54:57","modified_gmt":"2017-07-07T09:54:57","slug":"cargo-faltaba-creo-macri-directora-movilidad-bicicleta","status":"publish","type":"post","link":"http:\/\/argentinamunicipal.com.ar\/argentina\/cargo-faltaba-creo-macri-directora-movilidad-bicicleta\/","title":{"rendered":"El cargo que faltaba y que cre\u00f3 Macri: Directora en Movilidad en Bicicleta"},"content":{"rendered":"<p>Mientras insiste con la idea de que el Estado es \u00abgigante\u00bb, el Presidente agreg\u00f3 un nuevo puesto laboral para las huestes del PRO. De qu\u00e9 se trata y cu\u00e1nto cobrar\u00e1 la funcionaria.<\/p>\n<p>D\u00eda a d\u00eda los funcionarios del gobierno nacional dicen en alg\u00fan momento que en el Estado argentino \u00abhay demasiada gente\u00bb y que no se puede seguir alimentando la burocracia. Sin embargo, el Poder Ejecutivo acaba de oficializar la designaci\u00f3n de\u00a0Mar\u00eda Bel\u00e9n Cardasz, quien estar\u00e1 al frente de una muy particular oficina dependiente del Ministerio de Transporte:\u00a0Directora en Movilidad en Bicicleta.<\/p>\n<p>El \u00e1rea fue creada en noviembre de 2016 pero hasta el momento aparec\u00eda bajo un cono de sombras. \u00bfPara qu\u00e9 sirve el cargo? Por el momento, mientras esperamos con ansia alguna decisi\u00f3n desde el cargo, podemos confirmar que\u00a0la flamante funcionaria cobrar\u00e1 70 mil pesos al mes y tendr\u00e1 un presupuesto de 200 millones de pesos al a\u00f1o.<\/p>\n<p>Seg\u00fan el texto firmado por Guillermo Dietrich,\u00a0las funciones de esta nueva \u00e1rea ser\u00e1n:<\/p>\n<p>1. Realizar estudios, evaluaciones e informes que fundamenten proyectos de movilidad no motorizada.<\/p>\n<p>2. Priorizar proyectos en el marco de la pol\u00edtica p\u00fablica de movilidad no motorizada.<\/p>\n<p>3. Participar en la obtenci\u00f3n de financiamiento para proyectos de movilidad no motorizada.<\/p>\n<p>4. Realizar el monitoreo y evaluaci\u00f3n de proyectos de movilidad no motorizada.<\/p>\n<p>5. Informar al Director Nacional sobre la marcha de los proyectos de movilidad no motorizada.<\/p>\n<p>6. Efectuar actividades de asistencia t\u00e9cnica en las \u00e1reas que sean requeridas a la Direcci\u00f3n Nacional.<\/p>\n<p>7. Participar, a solicitud de la Direcci\u00f3n Nacional, en reuniones y eventos en los que se analicen cuestiones inherentes a proyectos de movilidad no motorizada<\/p>\n<h6>Fuente: InfoNews<\/h6>\n","protected":false},"excerpt":{"rendered":"<p>Mientras insiste con la idea de que el Estado es \u00abgigante\u00bb, el Presidente agreg\u00f3 un nuevo puesto laboral para las huestes del PRO. De qu\u00e9 se trata y cu\u00e1nto cobrar\u00e1 la funcionaria.<\/p>\n","protected":false},"author":2,"featured_media":65077,"comment_status":"closed","ping_status":"closed","sticky":false,"template":"","format":"standard","meta":{"footnotes":""},"categories":[8],"tags":[21],"class_list":["post-65076","post","type-post","status-publish","format-standard","has-post-thumbnail","hentry","category-informe-nacional","tag-argentina"],"_links":{"self":[{"href":"http:\/\/argentinamunicipal.com.ar\/argentina\/wp-json\/wp\/v2\/posts\/65076","targetHints":{"allow":["GET"]}}],"collection":[{"href":"http:\/\/argentinamunicipal.com.ar\/argentina\/wp-json\/wp\/v2\/posts"}],"about":[{"href":"http:\/\/argentinamunicipal.com.ar\/argentina\/wp-json\/wp\/v2\/types\/post"}],"author":[{"embeddable":true,"href":"http:\/\/argentinamunicipal.com.ar\/argentina\/wp-json\/wp\/v2\/users\/2"}],"replies":[{"embeddable":true,"href":"http:\/\/argentinamunicipal.com.ar\/argentina\/wp-json\/wp\/v2\/comments?post=65076"}],"version-history":[{"count":0,"href":"http:\/\/argentinamunicipal.com.ar\/argentina\/wp-json\/wp\/v2\/posts\/65076\/revisions"}],"wp:featuredmedia":[{"embeddable":true,"href":"http:\/\/argentinamunicipal.com.ar\/argentina\/wp-json\/wp\/v2\/media\/65077"}],"wp:attachment":[{"href":"http:\/\/argentinamunicipal.com.ar\/argentina\/wp-json\/wp\/v2\/media?parent=65076"}],"wp:term":[{"taxonomy":"category","embeddable":true,"href":"http:\/\/argentinamunicipal.com.ar\/argentina\/wp-json\/wp\/v2\/categories?post=65076"},{"taxonomy":"post_tag","embeddable":true,"href":"http:\/\/argentinamunicipal.com.ar\/argentina\/wp-json\/wp\/v2\/tags?post=65076"}],"curies":[{"name":"wp","href":"https:\/\/api.w.org\/{rel}","templated":true}]}}