{"id":65079,"date":"2017-07-07T07:01:20","date_gmt":"2017-07-07T10:01:20","guid":{"rendered":"http:\/\/argentinamunicipal.com.ar\/argentina\/?p=65079"},"modified":"2017-07-07T07:01:20","modified_gmt":"2017-07-07T10:01:20","slug":"una-marcha-ajuste-trabajo","status":"publish","type":"post","link":"http:\/\/argentinamunicipal.com.ar\/argentina\/una-marcha-ajuste-trabajo\/","title":{"rendered":"Una marcha contra el ajuste y por el trabajo"},"content":{"rendered":"<p>La convocatoria la realiz\u00f3 la Corriente Federal de los Trabajadores, liderada por los bancarios. Se sumar\u00edan organizaciones sociales y otros gremios. Desde la CTA, Hugo Yaksy destac\u00f3 la necesidad de movilizarse contra el Gobierno.<\/p>\n<p>El pr\u00f3ximo 7 de agosto no s\u00f3lo los fieles cat\u00f3licos ir\u00e1n a la iglesia de San Cayetano a pedirle al santo por trabajo. Tambi\u00e9n participar\u00e1n de esa fiesta religiosa la Corriente Federal de Trabajadores en el marco de una movilizaci\u00f3n que denominaron \u201cMarcha por el trabajo y la justicia social\u201d. Este espacio, que aglutina a una serie de sindicatos, decidi\u00f3 ir un paso m\u00e1s all\u00e1 en los pedidos por una medida de acci\u00f3n directa que se le reclama a la CGT a partir de la ca\u00edda del empleo, fruto de la pol\u00edtica econ\u00f3mica del gobierno de Mauricio Macri.<\/p>\n<p>La Corriente, cuya cabeza visible es el secretario general de La Bancaria, Sergio Palazzo, est\u00e1 conformada por una treintena de gremios entre los que se destacan las asociaciones de trabajadores lecheros, de la televisi\u00f3n, molineros, docentes privados, pilotos de l\u00edneas a\u00e9reas, empleados de farmacia y gr\u00e1ficos bonaerenses. La decisi\u00f3n se tom\u00f3 en la sede de este \u00faltimo sindicato donde su titular, H\u00e9ctor Amichetti, se\u00f1al\u00f3 que \u201ces preciso movilizarse de forma masiva para rechazar la pol\u00edtica econ\u00f3mica del gobierno de los ricos, porque se ingres\u00f3 en el cuarto semestre y no se observan m\u00e1s brotes que los oscuros resultados de estrategias que dejaron sin trabajo a millones de argentinos, sumergi\u00f3 en la pobreza a tantos otros jubilados y pensionados, a quienes quit\u00f3 hasta los remedios, conden\u00f3 a los ni\u00f1os a la indigencia, arruin\u00f3 a los peque\u00f1os comerciantes y empresarios y oblig\u00f3 a cerrar 7000 establecimientos\u201d.<\/p>\n<p>Los organizadores conf\u00edan que se sumar\u00e1n otros sindicatos e incluso organizaciones populares. La movilizaci\u00f3n se podr\u00e1 considerar como el pre\u00e1mbulo de lo que podr\u00eda decidir la propia CGT. La central obrera tendr\u00e1 una reuni\u00f3n de mesa directiva la pr\u00f3xima semana. Los encuentros suelen realizarse los martes y jueves. En uno de esos dos d\u00edas podr\u00eda surgir una convocatoria a una movilizaci\u00f3n que ya propuso la Confederaci\u00f3n Argentina de Trabajadores del Transporte (CATT), que lidera el tambi\u00e9n triunviro cegetista Juan Carlos Schmid.<\/p>\n<p>Tras su plenario, la CFT sostuvo que tambi\u00e9n que \u201cel Gobierno contin\u00faa empecinado en eliminar toda resistencia obrera con un plan sistem\u00e1tico de reducci\u00f3n de salarios, despidos masivos y suspensiones para imponer una flexibilizaci\u00f3n laboral que borre los derechos y conquistas hist\u00f3ricas de los trabajadores argentinos\u201d. Incluso para ese importante grupo de sindicatos la ofensiva econ\u00f3mica es acompa\u00f1ada por \u201cuna campa\u00f1a medi\u00e1tica ignominiosa contra las organizaciones sindicales, equipar\u00e1ndolas a mafias, y difamando a sus dirigentes\u201d. Por otra parte, Amichetti se\u00f1al\u00f3 que \u201chay c\u00f3mplices en la justicia federal, quienes intervienen sindicatos, procesan a l\u00edderes obreros y fallan en contra de los trabajadores en los litigios. El Gobierno reprime de forma salvaje y criminaliza la protesta social, como lo hizo contra los maestros y miles de trabajadores\u201d, dijo en obvia referencia a los cuatro sindicatos que se encuentran intervenidos: el Sindicato de Obreros Mar\u00edtimos Unidos (SOMU), azucareros, vigiladores privados y, recientemente, el de Canillitas que adem\u00e1s implic\u00f3 el procesamiento y el desplazamiento de su titular, Omar Plaini.<\/p>\n<p>Si la decisi\u00f3n de movilizar por parte de la Corriente Federal puede ser considerada como uno de los ejemplos de presi\u00f3n que se est\u00e1 ejerciendo sobre la CGT, tambi\u00e9n puede sumarse la que est\u00e1n realizando las dos CTA. Por caso, el titular de la CTA de los Trabajadores, Hugo Yasky, consider\u00f3 que todos los caminos est\u00e1n desembocando en la convocatoria a una protesta y movilizaci\u00f3n. El dirigente sindical y precandidato a diputado nacional de Unidad Ciudadana afirm\u00f3 que se transita \u201cla cuenta regresiva a la definici\u00f3n de una acci\u00f3n de protesta que es por dem\u00e1s necesaria\u201d. Yasky particip\u00f3 de la reuni\u00f3n de la Corriente Federal y se\u00f1al\u00f3 que \u201ces muy probable que esa fecha sea el aglutinante de una convocatoria a una gran protesta nacional con movilizaci\u00f3n\u201d.<\/p>\n<p>La dilaci\u00f3n en la que se encuentra sumergida la CGT llev\u00f3 al sindicalista docente a cuestionar al triunvirato que la conduce, al considerar que ninguno de los tres secretarios generales cegetistas est\u00e1 a la altura de las circunstancias y responsabilidad. \u201c(El triunvirato) lo demostr\u00f3 en el triste papel que se hizo en aquel acto (por el del 7 de marzo), cuando los trabajadores de la CGT reclamaron la convocatoria al paro nacional\u201d, dijo. Por otra parte, Yasky acus\u00f3 a estos dirigentes gremiales de haber perdido el rumbo \u201cporque una cosa es querer tomar distancia del kirchnerismo y otra es terminar siendo oficialista, y hacer el triste papel de seguidismo de esta pol\u00edtica, que est\u00e1 haciendo tanto da\u00f1o a los trabajadores\u201d.<\/p>\n<p>La presi\u00f3n para con la CGT crece si se toma en cuenta que para este fin de semana la UTA, el gremio que aglutina a los choferes de colectivos, anunci\u00f3 un paro que afectar\u00e1 el servicio de larga distancia. El titular del gremio, Roberto Fern\u00e1ndez se quej\u00f3 a trav\u00e9s de un comunicado donde inform\u00f3 que la negociaci\u00f3n paritaria est\u00e1 estancada ante la negativa de los empresarios de sentarse a negociar. \u201cTuvimos que tomar esta decisi\u00f3n extrema ante la falta de acuerdo en las negociaciones paritarias del sector\u201d, explic\u00f3 para luego pedirle disculpas a los usuarios \u201cpero ante la intransigencia de los empresarios, no queda m\u00e1s remedio que adoptar medidas de fuerza en defensa de los leg\u00edtimos derechos de los trabajadores\u201d. Ahora se espera la reacci\u00f3n del ministro de Trabajo, Jorge Triaca.<\/p>\n<h6>Fuente: P\u00e1gina 12<\/h6>\n","protected":false},"excerpt":{"rendered":"<p>La convocatoria la realiz\u00f3 la Corriente Federal de los Trabajadores, liderada por los bancarios. Se sumar\u00edan organizaciones sociales y otros gremios. Desde la CTA, Hugo Yaksy destac\u00f3 la necesidad de movilizarse contra el Gobierno.<\/p>\n","protected":false},"author":2,"featured_media":65080,"comment_status":"closed","ping_status":"closed","sticky":false,"template":"","format":"standard","meta":{"footnotes":""},"categories":[8],"tags":[21],"class_list":["post-65079","post","type-post","status-publish","format-standard","has-post-thumbnail","hentry","category-informe-nacional","tag-argentina"],"_links":{"self":[{"href":"http:\/\/argentinamunicipal.com.ar\/argentina\/wp-json\/wp\/v2\/posts\/65079","targetHints":{"allow":["GET"]}}],"collection":[{"href":"http:\/\/argentinamunicipal.com.ar\/argentina\/wp-json\/wp\/v2\/posts"}],"about":[{"href":"http:\/\/argentinamunicipal.com.ar\/argentina\/wp-json\/wp\/v2\/types\/post"}],"author":[{"embeddable":true,"href":"http:\/\/argentinamunicipal.com.ar\/argentina\/wp-json\/wp\/v2\/users\/2"}],"replies":[{"embeddable":true,"href":"http:\/\/argentinamunicipal.com.ar\/argentina\/wp-json\/wp\/v2\/comments?post=65079"}],"version-history":[{"count":0,"href":"http:\/\/argentinamunicipal.com.ar\/argentina\/wp-json\/wp\/v2\/posts\/65079\/revisions"}],"wp:featuredmedia":[{"embeddable":true,"href":"http:\/\/argentinamunicipal.com.ar\/argentina\/wp-json\/wp\/v2\/media\/65080"}],"wp:attachment":[{"href":"http:\/\/argentinamunicipal.com.ar\/argentina\/wp-json\/wp\/v2\/media?parent=65079"}],"wp:term":[{"taxonomy":"category","embeddable":true,"href":"http:\/\/argentinamunicipal.com.ar\/argentina\/wp-json\/wp\/v2\/categories?post=65079"},{"taxonomy":"post_tag","embeddable":true,"href":"http:\/\/argentinamunicipal.com.ar\/argentina\/wp-json\/wp\/v2\/tags?post=65079"}],"curies":[{"name":"wp","href":"https:\/\/api.w.org\/{rel}","templated":true}]}}