{"id":65088,"date":"2017-07-07T06:11:40","date_gmt":"2017-07-07T09:11:40","guid":{"rendered":"http:\/\/argentinamunicipal.com.ar\/argentina\/?p=65088"},"modified":"2017-07-07T07:20:06","modified_gmt":"2017-07-07T10:20:06","slug":"mudan-aerolineas-beneficio-las-low-cost","status":"publish","type":"post","link":"http:\/\/argentinamunicipal.com.ar\/argentina\/mudan-aerolineas-beneficio-las-low-cost\/","title":{"rendered":"Mudan a Aerol\u00edneas en beneficio de las low cost"},"content":{"rendered":"<p>El Ministerio de Transporte, a trav\u00e9s de la ANAC, limitar\u00e1 la operaci\u00f3n de vuelos regionales en Aeroparque Jorge Newbery, empezando la implementaci\u00f3n a partir de abril de 2018. Es para facilitar el negocio y operatividad de las low cost, ligadas al macrismo.<\/p>\n<p>El Gobierno anunci\u00f3 ayer el traslado de los vuelos regionales que actualmente se realizan desde el Aeroparque Jorge Newbery al Aeropuerto Internacional Ezeiza para darles espacio a las compa\u00f1\u00edas de low cost (bajo costo) que vayan ingresando al mercado. El aeroparque metropolitano quedar\u00e1 exclusivamente dedicado a vuelos de cabotaje y de conexi\u00f3n con Uruguay, con lo cual Aerol\u00edneas Argentinas perdi\u00f3 cualquier tipo de prioridad o ventaja estrat\u00e9gica en los planes oficiales, siendo la principal perjudicada por su participaci\u00f3n en vuelos regionales. La l\u00ednea de bandera ya viene sufriendo la competencia por el ingreso de las low cost, cuyos destinos solicitados se superponen en m\u00e1s de un 95 por ciento con las de cabotaje que actualmente operan AA y Austral. A partir de la resoluci\u00f3n firmada por el titular de la Administraci\u00f3n Nacional de Aviaci\u00f3n Civil (ANAC), Juan Pedro Irigoin, la medida se va a implementar en etapas para que las aerol\u00edneas puedan llevar adelante la reorganizaci\u00f3n del espacio a\u00e9reo hacia el 2019, fecha estipulada para terminar de implementar la nueva normativa.<\/p>\n<p>Pese que el Gobierno insista en tratar de convencer de que no est\u00e1 en sus planes una privatizaci\u00f3n de Aerol\u00edneas y Austral, la pol\u00edtica implementada en el \u00faltimo a\u00f1o y medio est\u00e1 erosionando la supervivencia del Grupo de Bandera (como se denomina a ambas empresas estatizadas). Seg\u00fan cifras difundidas por los gremios, el gobierno de Cambiemos redujo el a\u00f1o pasado 60 por ciento, a 320 millones de d\u00f3lares, el subsidio a Aerol\u00edneas y para este a\u00f1o lo recortar\u00e1 otro 30 por ciento (a 180 millones). En paralelo se les quit\u00f3 mercado y posibilidades de aumentar sus ingresos permitiendo, primero, que compa\u00f1\u00edas extranjeras (Latam, SKY, COPA, AIR Europa) capten pasajeros desde ciudades del Interior para trasladarlos regional e internacionalmente y, luego, ampliando la participaci\u00f3n en el mercado a otras empresas sin regulaci\u00f3n.<\/p>\n<p>En el caso del ingreso de las low cost, la ANAC y el Ministerio de Transporte autorizaron a cinco l\u00edneas a\u00e9reas un total de 135 rutas, entre las cuales se encuentran Avian, por la que sigue imputado judicialmente el presidente Macri y el ex gerente de MacAir y actual CEO de Avian, Carlos Colunga; y Flybondi, con un capital social declarado de s\u00f3lo 6000 d\u00f3lares y sin aviones. A todo esto se suma la quita de privilegios que deber\u00edan existir como pol\u00edtica de Estado para proteger la operatoria de las compa\u00f1\u00edas estatales.<\/p>\n<p>En 2010 el gobierno nacional, a trav\u00e9s del Organismo Regulador del Sistema Nacional de Aeropuertos (Orsna), hab\u00eda dispuesto que Aerol\u00edneas Argentinas tenga prioridad de estacionamiento en las cuatro pasarelas telesc\u00f3picas de embarque (conocidas como mangas) del Aeroparque Jorge Newbery. En ese momento, el organismo aclar\u00f3 que hab\u00eda \u201cuna prioridad para la empresa a trav\u00e9s de la cual el Estado instrumenta la pol\u00edtica aerocomercial y que llega a todos lados\u201d. En diciembre de 2015, el gobierno de Cambiemos dej\u00f3 sin efecto esa norma, permitiendo esa posibilidad a otras empresas como Latam (ex LAN), Gol y Andes. A fin del a\u00f1o pasado se sum\u00f3 adem\u00e1s la reasignaci\u00f3n de hangares, que favoreci\u00f3 principalmente a Avian, la empresa que compr\u00f3 los negocios de MacAir Jet en el pa\u00eds, la firma de la familia Macri.<\/p>\n<p>Con el traslado de todos los vuelos de cabotaje a Ezeiza, Aerol\u00edneas pierde todos los privilegios de una empresa estrat\u00e9gica. Ser\u00e1 a partir de marzo de 2018, bajo el argumento de otorgar mayor capacidad operativa a las nuevas aerol\u00edneas (low cost) que est\u00e1 previsto comiencen a operar en breve. Estas compa\u00f1\u00edas debieran operar en aeropuertos alternativos, como sucede en otros pa\u00edses. De hecho, la ex titular de Aerol\u00edneas Isela Costantini hab\u00eda reclamado reglas de juego claras con este tipo de empresas para evitar la competencia desleal con la l\u00ednea de bandera.<\/p>\n<p>Cuando finalice el traslado de las operaciones, los vuelos regionales de AA, Austral, Latam, Gol y Amaszonas partir\u00e1n desde Ezeiza. \u201cSi bien afecta a todas, Aerol\u00edneas es la m\u00e1s perjudicada por ser la que m\u00e1s vuelos regionales tiene desde Aeroparque, con lo cual se est\u00e1 vaciando de recursos aeroportuarios a la l\u00ednea de bandera, como puestos de check-in, lugares de pernocte para los aviones o servicios premium (la salida desde Aeroparque se vende m\u00e1s caro que desde Ezeiza)\u201d, explic\u00f3 a P\u00e1ginaI12 Gustavo Lipovich, del Instituto de Investigaci\u00f3n y Desarrollo del Transporte A\u00e9reo (Indetra) y ex presidente del Orsna.<\/p>\n<p>La primera etapa comenzar\u00e1 el 9 de abril pr\u00f3ximo con el traslado del 50 por ciento del total de los vuelos regionales. En una segunda, a partir del 1 de abril de 2019, derivar\u00e1n al resto de los servicios a\u00e9reos regionales. Las empresas operadoras podr\u00e1n elegir cu\u00e1l ser\u00e1 el 50 por ciento de los vuelos trasladados a Ezeiza en la primera etapa, mientras que la ANAC llevar\u00e1 adelante el control e implementaci\u00f3n de la medida para que se respeten los plazos.<\/p>\n<h6>Fuente: P\u00e1gina 12<\/h6>\n","protected":false},"excerpt":{"rendered":"<p>El Ministerio de Transporte, a trav\u00e9s de la ANAC, limitar\u00e1 la operaci\u00f3n de vuelos regionales en Aeroparque Jorge Newbery, empezando la implementaci\u00f3n a partir de abril de 2018. Es para facilitar el negocio y operatividad de las low cost, ligadas al macrismo.<\/p>\n","protected":false},"author":2,"featured_media":65089,"comment_status":"closed","ping_status":"closed","sticky":false,"template":"","format":"standard","meta":{"footnotes":""},"categories":[8],"tags":[21],"class_list":["post-65088","post","type-post","status-publish","format-standard","has-post-thumbnail","hentry","category-informe-nacional","tag-argentina"],"_links":{"self":[{"href":"http:\/\/argentinamunicipal.com.ar\/argentina\/wp-json\/wp\/v2\/posts\/65088","targetHints":{"allow":["GET"]}}],"collection":[{"href":"http:\/\/argentinamunicipal.com.ar\/argentina\/wp-json\/wp\/v2\/posts"}],"about":[{"href":"http:\/\/argentinamunicipal.com.ar\/argentina\/wp-json\/wp\/v2\/types\/post"}],"author":[{"embeddable":true,"href":"http:\/\/argentinamunicipal.com.ar\/argentina\/wp-json\/wp\/v2\/users\/2"}],"replies":[{"embeddable":true,"href":"http:\/\/argentinamunicipal.com.ar\/argentina\/wp-json\/wp\/v2\/comments?post=65088"}],"version-history":[{"count":0,"href":"http:\/\/argentinamunicipal.com.ar\/argentina\/wp-json\/wp\/v2\/posts\/65088\/revisions"}],"wp:featuredmedia":[{"embeddable":true,"href":"http:\/\/argentinamunicipal.com.ar\/argentina\/wp-json\/wp\/v2\/media\/65089"}],"wp:attachment":[{"href":"http:\/\/argentinamunicipal.com.ar\/argentina\/wp-json\/wp\/v2\/media?parent=65088"}],"wp:term":[{"taxonomy":"category","embeddable":true,"href":"http:\/\/argentinamunicipal.com.ar\/argentina\/wp-json\/wp\/v2\/categories?post=65088"},{"taxonomy":"post_tag","embeddable":true,"href":"http:\/\/argentinamunicipal.com.ar\/argentina\/wp-json\/wp\/v2\/tags?post=65088"}],"curies":[{"name":"wp","href":"https:\/\/api.w.org\/{rel}","templated":true}]}}