{"id":65094,"date":"2017-07-07T07:32:19","date_gmt":"2017-07-07T10:32:19","guid":{"rendered":"http:\/\/argentinamunicipal.com.ar\/argentina\/?p=65094"},"modified":"2017-07-07T07:32:19","modified_gmt":"2017-07-07T10:32:19","slug":"nacion-quiere-revisar-la-cantidad-empleados-la-municipalidad-rosario","status":"publish","type":"post","link":"http:\/\/argentinamunicipal.com.ar\/argentina\/nacion-quiere-revisar-la-cantidad-empleados-la-municipalidad-rosario\/","title":{"rendered":"Naci\u00f3n quiere revisar la cantidad de empleados que tiene la Municipalidad de Rosario"},"content":{"rendered":"<p>Se lo plante\u00f3 ayer el ministro del Interior a la intendenta. De esa condici\u00f3n depende la llegada de fondos para obras de infraestructura<\/p>\n<p>El gobierno nacional financiar\u00e1 obras clave de infraestructura en Rosario s\u00f3lo si el municipio le permite revisar sus cuentas y chequear si \u00abhubo exceso de nombramientos de personal\u00bb en las distintas \u00e1reas p\u00fablicas. As\u00ed se lo comunic\u00f3 ayer el ministro del Interior de la Naci\u00f3n, Rogelio Frigerio, a la intendenta M\u00f3nica Fein, a quien le enrostr\u00f3 plantillas de empleados del municipio y le remarc\u00f3 que en el \u00e1rea de Salud, por ejemplo, trabajan cinco mil personas; que al gobierno macrista le parecen muchos.<\/p>\n<p>La solicitud crisp\u00f3 a la intendenta. \u00abDe ninguna manera necesitamos achicar la n\u00f3mina de empleados, m\u00e1s bien todo lo contrario; nos interesa que el Estado tengo cada d\u00eda m\u00e1s capacitaci\u00f3n y profesionalismo\u00bb, dispar\u00f3.<\/p>\n<p>A rengl\u00f3n seguido, lanz\u00f3 con un dejo de iron\u00eda: \u00abNos parece que el gobierno nacional, en contrario, deber\u00eda convocarnos para ver c\u00f3mo logramos en Rosario tener empleados en blanco, que concursan los ascensos, aplicados y motivados a las tareas que realizan\u00bb.<\/p>\n<p>Y por si no quedaba claro su rechazo a este condicionamiento de la Naci\u00f3n, consider\u00f3 que \u00abest\u00e1 bueno que revisen las cuentas de Rosario, pero que tambi\u00e9n lo hagan con otras ciudades, especialmente con la Ciudad de Buenos Aires, sino estamos ante un trato injusto\u00bb.<\/p>\n<p>Las consideraciones de la intendenta llegaron luego del encuentro que mantuvo con el ministro del Interior en la Casa Rosada, un encuentro que no fue del todo cordial.<\/p>\n<p>As\u00ed, del entusiasmo por el \u00abbuen clima y trato\u00bb, que prim\u00f3 all\u00e1 por el verano de 2016, cuando Fein hizo su presentaci\u00f3n formal ante el nuevo gobierno, se lleg\u00f3 a una reuni\u00f3n dif\u00edcil como la de ayer. Con las mismas autoridades, 18 meses despu\u00e9s, muchas cosas han cambiado.<\/p>\n<p>Durante el encuentro, Fein quiso saber por qu\u00e9 el gobierno nacional habilit\u00f3 toma de deuda a largo plazo a ciudades como C\u00f3rdoba o Mendoza, y mand\u00f3 bloquear la aprobaci\u00f3n de un procedimiento similar en el Concejo Municipal de Rosario, a trav\u00e9s de los ediles que militan en el partido del gobierno nacional.<\/p>\n<p>Fue all\u00ed cuando Frigerio le mostr\u00f3 unas planillas \u2014incompletas\u2014 sobre la cantidad de empleados municipales rosarinos y quiso saber \u00absi no hubo exceso de nombramientos\u00bb. En tal sentido, le solicit\u00f3 que abra las cuentas de la ciudad para una \u00abrevisi\u00f3n\u00bb de la Casa Rosada.<\/p>\n<p>Reci\u00e9n luego de que se compruebe la baja en el presunto d\u00e9ficit y la racionalidad de empleados p\u00fablicos en la administraci\u00f3n municipal, sobrevendr\u00eda el apoyo econ\u00f3mico que Rosario necesita para resolver su retraso en infraestructura en amplias zonas de la ciudad.<\/p>\n<p>Con todo, la semana pr\u00f3xima se pondr\u00e1n en contacto distintos equipos de trabajo (de Naci\u00f3n y el municipio) para evaluar alternativas. La posible soluci\u00f3n sobrevendr\u00eda a trav\u00e9s del aporte de organismos internacionales \u00abque dependen exclusivamente del gobierno nacional\u00bb, explic\u00f3 la intendenta a La Capital.<\/p>\n<p><strong>Cifras<\/strong><\/p>\n<p>Seg\u00fan contabilizaron ayer fuentes del Ministerio del Interior a este diario, la Naci\u00f3n estar\u00eda ejecutando unos 1.500 millones de pesos en Rosario. Sin embargo, Fein explic\u00f3 \u00abque esa cifra se alcanza incluyendo la obra de la Circunvalaci\u00f3n. Lo que se est\u00e1 desarrollando es la refacci\u00f3n del Monumento a la Bandera, una intervenci\u00f3n en dos barrios (120 millones), obras de cloacas en un barrio (400 millones) y unas 400 viviendas. Otros trabajos (como las remodelaciones de las avenidas San Mart\u00edn, Rivarola y Francia, entre otras) las est\u00e1 financiando la provincia\u00bb, destac\u00f3 Fein.<\/p>\n<p>La intendenta fue m\u00e1s all\u00e1 y destac\u00f3 que la ciudad de Rosario no recibe fondos de cr\u00e9ditos internacionales desde 1999, \u00abmientras que la ciudad m\u00e1s rica de la Argentina (la Ciudad Aut\u00f3noma de Buenos Aires)recibi\u00f3 aportes del BID y de la CAF (Banco de Desarrollo de Am\u00e9rica latina), entre otros\u00bb.<\/p>\n<p>El principal inter\u00e9s del municipio es poner en marcha un proyecto en la zona sur de la ciudad, y que tiene que ver con la recuperaci\u00f3n de los Bajos del Saladillo, cortada Mangrullo y saneamiento ambiental del Brazo Seco.<\/p>\n<p>Fein record\u00f3 que la provincia de Santa Fe reclama ante el gobierno nacional los recursos que corresponden por el fallo de la Corte Suprema de noviembre de 2015, y que no han sido pagados. Por ese motivo, rechaz\u00f3 las versiones que hizo correr Frigerio (y que este diario constat\u00f3): \u00abLifschitz nos pega porque necesita mejorar su posici\u00f3n electoral en la provincia, no viene bien\u00bb, deslizaron ayer en una oficina de la planta baja de la Casa Rosada.<\/p>\n<p>Por lo pronto, del tenso encuentro de ayer algo qued\u00f3 m\u00e1s que claro: el romance que se inici\u00f3 en el verano de 2016 entre la Naci\u00f3n, la provincia de Santa Fe y Rosario, ya no es lo que fue, perdi\u00f3 el encanto.<\/p>\n<p>Fein: \u00abVine por respeto a Frigerio\u00bb<\/p>\n<p>La intendenta M\u00f3nica Fein lleg\u00f3 ayer a la Casa Rosada por una solicitud de reuni\u00f3n que hab\u00eda cursado, pero no con el ministro del Interior, Rogelio Frigerio, sino con el presidente Mauricio Macri. \u00abAtiende a tantas personas (en referencia a los cronistas de programas televisivos de chimentos, que ins\u00f3litamente fueron recibidos por el presidente), suponemos que tendr\u00e1 tiempo para atender a la intendenta de Rosario\u00bb, hab\u00eda chicaneado ayer la jefa comunal, quien sin medias tintas indic\u00f3: \u00abHoy vine por respeto a Frigerio, pero nuestro pedido de reuni\u00f3n era con Macri\u00bb.<\/p>\n<p>Frigerio, en tanto, coment\u00f3 que el presidente posiblemente recibir\u00e1 a la intendenta en los pr\u00f3ximos d\u00edas.<\/p>\n<h6>Fuente: La Capital Rosario<\/h6>\n","protected":false},"excerpt":{"rendered":"<p>Se lo plante\u00f3 ayer el ministro del Interior a la intendenta. De esa condici\u00f3n depende la llegada de fondos para obras de infraestructura<\/p>\n","protected":false},"author":2,"featured_media":65095,"comment_status":"closed","ping_status":"closed","sticky":false,"template":"","format":"standard","meta":{"footnotes":""},"categories":[4],"tags":[10],"class_list":["post-65094","post","type-post","status-publish","format-standard","has-post-thumbnail","hentry","category-informe-politico","tag-santa-fe"],"_links":{"self":[{"href":"http:\/\/argentinamunicipal.com.ar\/argentina\/wp-json\/wp\/v2\/posts\/65094","targetHints":{"allow":["GET"]}}],"collection":[{"href":"http:\/\/argentinamunicipal.com.ar\/argentina\/wp-json\/wp\/v2\/posts"}],"about":[{"href":"http:\/\/argentinamunicipal.com.ar\/argentina\/wp-json\/wp\/v2\/types\/post"}],"author":[{"embeddable":true,"href":"http:\/\/argentinamunicipal.com.ar\/argentina\/wp-json\/wp\/v2\/users\/2"}],"replies":[{"embeddable":true,"href":"http:\/\/argentinamunicipal.com.ar\/argentina\/wp-json\/wp\/v2\/comments?post=65094"}],"version-history":[{"count":0,"href":"http:\/\/argentinamunicipal.com.ar\/argentina\/wp-json\/wp\/v2\/posts\/65094\/revisions"}],"wp:featuredmedia":[{"embeddable":true,"href":"http:\/\/argentinamunicipal.com.ar\/argentina\/wp-json\/wp\/v2\/media\/65095"}],"wp:attachment":[{"href":"http:\/\/argentinamunicipal.com.ar\/argentina\/wp-json\/wp\/v2\/media?parent=65094"}],"wp:term":[{"taxonomy":"category","embeddable":true,"href":"http:\/\/argentinamunicipal.com.ar\/argentina\/wp-json\/wp\/v2\/categories?post=65094"},{"taxonomy":"post_tag","embeddable":true,"href":"http:\/\/argentinamunicipal.com.ar\/argentina\/wp-json\/wp\/v2\/tags?post=65094"}],"curies":[{"name":"wp","href":"https:\/\/api.w.org\/{rel}","templated":true}]}}