{"id":65116,"date":"2017-07-07T06:06:09","date_gmt":"2017-07-07T09:06:09","guid":{"rendered":"http:\/\/argentinamunicipal.com.ar\/argentina\/?p=65116"},"modified":"2017-07-07T08:09:16","modified_gmt":"2017-07-07T11:09:16","slug":"concurso-recogera-las-historias-voces-las-mujeres-rurales","status":"publish","type":"post","link":"http:\/\/argentinamunicipal.com.ar\/argentina\/concurso-recogera-las-historias-voces-las-mujeres-rurales\/","title":{"rendered":"Un concurso recoger\u00e1 las historias y voces de las mujeres rurales"},"content":{"rendered":"<p>Trabajadoras y organizaciones campesinas tienen tiempo hasta fin de mes para participar con escritos o videos.\u00a0Las seleccionadas formar\u00e1n parte de la publicaci\u00f3n \u201cMujeres rurales, mujeres con derechos\u201d.<\/p>\n<p>Las\u00a0voces, historias y reflexiones\u00a0de las mujeres rurales, habitualmente calladas y dejadas de lado por los medios y una parte importante de la sociedad, ser\u00e1n parte de un concurso que permitir\u00e1 que sus relatos sean escuchados. \u00a0La convocatoria est\u00e1 abierta\u00a0hasta fin de este mes\u00a0de julio y est\u00e1 dirigida especialmente a las mujeres que habitan y\/o trabajan en \u00e1reas rurales y a las organizaciones de las que forman parte.<\/p>\n<p>#MujeresRurales, mujeres con derechos\u00a0\u00a0 es una\u00a0convocatoria est\u00e1s respaldada por la Organizaci\u00f3n de las Naciones Unidas para la Agricultura y la Alimentaci\u00f3n (FAO),\u00a0el Instituto Nacional de Tecnolog\u00eda Agropecuaria\u00a0(INTA)\u00a0y el Ministerio de Agroindustria (MINAGRO).<\/p>\n<p>Las trabajadoras contar\u00e1n historias de\u00a0\u00a0inclusi\u00f3n, participaci\u00f3n,\u00a0violencia de g\u00e9nero, situaciones de inequidad (de participaci\u00f3n, salarial, reconocimiento, etc.) y sus proyectos.<\/p>\n<p>Las historias y las experiencias seleccionadas formar\u00e1n parte de\u00a0la publicaci\u00f3n \u201cMujeres rurales, mujeres con derechos\u201d.<\/p>\n<p>Adem\u00e1s, las autoras\/ protagonistas de las historias escogidas ser\u00e1n invitadas a asistir a la II Conferencia Regional de Mujeres Rurales de Am\u00e9rica Latina y el Caribe, a realizarse del 27 al 29 de septiembre de 2017 en Asunci\u00f3n, Paraguay.<\/p>\n<p>Para participar: enviar a\u00a0comunica@ucar.gov.ar con el Asunto \u201cMujeres Rurales Historias de Vida\u201d:\u00a0\u00a0Se recibir\u00e1n escritos de hasta dos carillas o audios de m\u00e1ximo 5 minutos. Ambas versiones pueden estar acompa\u00f1adas por fotograf\u00edas que ilustren las historias.<\/p>\n<p>Adem\u00e1s se pueden enviar las presentaciones\u00a0en simult\u00e1neo al Concurso Regional,\u00a0organizado junto a la Organizaci\u00f3n de las Naciones Unidas para la Alimentaci\u00f3n y la Agricultura (FAO), la Reuni\u00f3n Especializada sobre Agricultura Familiar (REAF) del Mercosur y la Secretaria Especial de Agricultura Familiar e do Desenvolvimento Agr\u00e1rio (SEAD) de Brasil.<\/p>\n<p>Para consultar las bases y premios:\u00a0http:\/\/inta.gob.ar\/noticias\/convocatoria-mujeres-rurales-voces-historias-y-reflexiones<\/p>\n<h6>Fuente: InfoNews<\/h6>\n","protected":false},"excerpt":{"rendered":"<p>Trabajadoras y organizaciones campesinas tienen tiempo hasta fin de mes para participar con escritos o videos. Las seleccionadas formar\u00e1n parte de la publicaci\u00f3n \u201cMujeres rurales, mujeres con derechos\u201d.<\/p>\n","protected":false},"author":2,"featured_media":65117,"comment_status":"closed","ping_status":"closed","sticky":false,"template":"","format":"standard","meta":{"footnotes":""},"categories":[8],"tags":[21],"class_list":["post-65116","post","type-post","status-publish","format-standard","has-post-thumbnail","hentry","category-informe-nacional","tag-argentina"],"_links":{"self":[{"href":"http:\/\/argentinamunicipal.com.ar\/argentina\/wp-json\/wp\/v2\/posts\/65116","targetHints":{"allow":["GET"]}}],"collection":[{"href":"http:\/\/argentinamunicipal.com.ar\/argentina\/wp-json\/wp\/v2\/posts"}],"about":[{"href":"http:\/\/argentinamunicipal.com.ar\/argentina\/wp-json\/wp\/v2\/types\/post"}],"author":[{"embeddable":true,"href":"http:\/\/argentinamunicipal.com.ar\/argentina\/wp-json\/wp\/v2\/users\/2"}],"replies":[{"embeddable":true,"href":"http:\/\/argentinamunicipal.com.ar\/argentina\/wp-json\/wp\/v2\/comments?post=65116"}],"version-history":[{"count":0,"href":"http:\/\/argentinamunicipal.com.ar\/argentina\/wp-json\/wp\/v2\/posts\/65116\/revisions"}],"wp:featuredmedia":[{"embeddable":true,"href":"http:\/\/argentinamunicipal.com.ar\/argentina\/wp-json\/wp\/v2\/media\/65117"}],"wp:attachment":[{"href":"http:\/\/argentinamunicipal.com.ar\/argentina\/wp-json\/wp\/v2\/media?parent=65116"}],"wp:term":[{"taxonomy":"category","embeddable":true,"href":"http:\/\/argentinamunicipal.com.ar\/argentina\/wp-json\/wp\/v2\/categories?post=65116"},{"taxonomy":"post_tag","embeddable":true,"href":"http:\/\/argentinamunicipal.com.ar\/argentina\/wp-json\/wp\/v2\/tags?post=65116"}],"curies":[{"name":"wp","href":"https:\/\/api.w.org\/{rel}","templated":true}]}}