{"id":6516,"date":"2014-04-25T11:22:35","date_gmt":"2014-04-25T14:22:35","guid":{"rendered":"http:\/\/argentinamunicipal.com.ar\/argentina\/?p=6516"},"modified":"2014-04-25T11:22:35","modified_gmt":"2014-04-25T14:22:35","slug":"el-intendente-de-ushuaia-dialogo-con-miembros-de-ate-que-manifestaban-en-intendencia","status":"publish","type":"post","link":"http:\/\/argentinamunicipal.com.ar\/argentina\/el-intendente-de-ushuaia-dialogo-con-miembros-de-ate-que-manifestaban-en-intendencia\/","title":{"rendered":"El Intendente de Ushuaia dialog\u00f3 con miembros de ATE que manifestaban en Intendencia"},"content":{"rendered":"<p><a href=\"http:\/\/argentinamunicipal.com.ar\/argentina\/wp-content\/uploads\/2014\/04\/53596b61b0f8f_724_407.jpg\"><img loading=\"lazy\" decoding=\"async\" class=\"aligncenter size-full wp-image-6517\" src=\"http:\/\/argentinamunicipal.com.ar\/argentina\/wp-content\/uploads\/2014\/04\/53596b61b0f8f_724_407.jpg\" alt=\"53596b61b0f8f_724_407!\" width=\"724\" height=\"407\" srcset=\"http:\/\/argentinamunicipal.com.ar\/argentina\/wp-content\/uploads\/2014\/04\/53596b61b0f8f_724_407.jpg 724w, http:\/\/argentinamunicipal.com.ar\/argentina\/wp-content\/uploads\/2014\/04\/53596b61b0f8f_724_407-300x168.jpg 300w\" sizes=\"auto, (max-width: 724px) 100vw, 724px\" \/><\/a><\/p>\n<p>El Intendente Federico Sciurano atendi\u00f3 esta ma\u00f1ana en la v\u00eda p\u00fablica a los empleados municipales agremiados en ATE que manifestaban en la intendencia en busca de mejorar la respuesta al aumento salarial. \u201cCuando uno tiene la responsabilidad de administrar los recursos de la ciudad debe tener en cuenta varios factores. No es sencillo poder lograr acuerdos veloces con nuestros trabajadores, pero el compromiso existe, y buscaremos la v\u00eda para destrabar este conflicto\u201d, asegur\u00f3 Sciurano.<\/p>\n<p>En el di\u00e1logo en puerta de la Intendencia con los manifestantes Sciurano respondi\u00f3 las inquietudes y consultas y declar\u00f3 que \u201cel aumento correspondiente a este a\u00f1o ser\u00e1 del 30%. Comenz\u00f3 con el 6% del mes de enero y el 6% de marzo para el primer semestre, tal como se hab\u00eda acordado en enero. Eso fue lo que acordamos y lo que ya hemos cumplido La propuesta es seguir con un 6% en junio, 6% en agosto y 6% en octubre.\u201d.<\/p>\n<p>El Intendente aclar\u00f3 que esta es una propuesta que contempla la proyecci\u00f3n anual y permite pagar los sueldos el \u00faltimo d\u00eda h\u00e1bil del mes y los aguinaldos en junio y diciembre. La propuesta de ATE var\u00eda en los meses de los incrementos del segundo semestre, ya que \u201cpropone que los aumentos comiencen a partir del mes de mayo y no desde junio como propusimos nosotros\u201d. En relaci\u00f3n a esto, el jefe comunal coment\u00f3 que \u201csomos conscientes de lo que pasa en la fluctuante econom\u00eda argentina, no queremos dejar a nuestro personal vulnerable, pero cuando uno tiene la responsabilidad de administrar los recursos de la ciudad tiene que tener en cuenta varios factores, y no es sencillo poder lograr acuerdos veloces sin medir las consecuencias, ser\u00eda una irresponsabilidad\u201d.<\/p>\n<p>\u201cMe compromet\u00ed personalmente a tener una respuesta a su propuesta. No es ninguna molestia poner la cara y dar las fundamentaciones que sean necesarias, porque todas las acciones que tomamos son en busca del bien com\u00fan de los empleados y de la ciudad\u201d, finaliz\u00f3 Sciurano.<\/p>\n<h6>Fuente: Reporte Austral<\/h6>\n","protected":false},"excerpt":{"rendered":"<p>El Intendente Federico Sciurano atendi\u00f3 esta ma\u00f1ana en la v\u00eda p\u00fablica a los empleados municipales agremiados en ATE que manifestaban en la intendencia en busca de mejorar la respuesta al aumento salarial. \u201cCuando uno tiene la responsabilidad de administrar los recursos de la ciudad debe tener en cuenta varios factores. No es sencillo poder lograr<\/p>\n","protected":false},"author":2,"featured_media":6517,"comment_status":"closed","ping_status":"closed","sticky":false,"template":"","format":"standard","meta":{"footnotes":""},"categories":[7],"tags":[34],"class_list":["post-6516","post","type-post","status-publish","format-standard","has-post-thumbnail","hentry","category-informe-sindical","tag-tierra-del-fuego"],"_links":{"self":[{"href":"http:\/\/argentinamunicipal.com.ar\/argentina\/wp-json\/wp\/v2\/posts\/6516","targetHints":{"allow":["GET"]}}],"collection":[{"href":"http:\/\/argentinamunicipal.com.ar\/argentina\/wp-json\/wp\/v2\/posts"}],"about":[{"href":"http:\/\/argentinamunicipal.com.ar\/argentina\/wp-json\/wp\/v2\/types\/post"}],"author":[{"embeddable":true,"href":"http:\/\/argentinamunicipal.com.ar\/argentina\/wp-json\/wp\/v2\/users\/2"}],"replies":[{"embeddable":true,"href":"http:\/\/argentinamunicipal.com.ar\/argentina\/wp-json\/wp\/v2\/comments?post=6516"}],"version-history":[{"count":0,"href":"http:\/\/argentinamunicipal.com.ar\/argentina\/wp-json\/wp\/v2\/posts\/6516\/revisions"}],"wp:featuredmedia":[{"embeddable":true,"href":"http:\/\/argentinamunicipal.com.ar\/argentina\/wp-json\/wp\/v2\/media\/6517"}],"wp:attachment":[{"href":"http:\/\/argentinamunicipal.com.ar\/argentina\/wp-json\/wp\/v2\/media?parent=6516"}],"wp:term":[{"taxonomy":"category","embeddable":true,"href":"http:\/\/argentinamunicipal.com.ar\/argentina\/wp-json\/wp\/v2\/categories?post=6516"},{"taxonomy":"post_tag","embeddable":true,"href":"http:\/\/argentinamunicipal.com.ar\/argentina\/wp-json\/wp\/v2\/tags?post=6516"}],"curies":[{"name":"wp","href":"https:\/\/api.w.org\/{rel}","templated":true}]}}