{"id":65251,"date":"2017-07-12T06:49:59","date_gmt":"2017-07-12T09:49:59","guid":{"rendered":"http:\/\/argentinamunicipal.com.ar\/argentina\/?p=65251"},"modified":"2017-07-12T06:49:59","modified_gmt":"2017-07-12T09:49:59","slug":"la-justicia-ordeno-al-gobierno-restablecer-las-pensiones-discapacidad","status":"publish","type":"post","link":"http:\/\/argentinamunicipal.com.ar\/argentina\/la-justicia-ordeno-al-gobierno-restablecer-las-pensiones-discapacidad\/","title":{"rendered":"La Justicia orden\u00f3 al Gobierno restablecer las pensiones por discapacidad"},"content":{"rendered":"<p>El gobierno nacional tendr\u00e1 ocho d\u00edas para devolver las pensiones, seg\u00fan lo dictamin\u00f3 la jueza federal de la Seguridad Social Viviana Pi\u00f1ero, quien dio lugar al amparo presentado por el diputado nacional Sergio Massa.<\/p>\n<p>La justicia federal dio lugar a un amparo presentado por el diputado Sergio Massa y orden\u00f3 al ministerio de Desarrollo Social devolver en el plazo de ocho d\u00edas todas las\u00a0pensionespor discapacidad.<\/p>\n<p>As\u00ed lo dictamin\u00f3 la jueza federal de la Seguridad Social Viviana Pi\u00f1eiro, que dio lugar al amparo presentado hace una semana por el espacio \u00ab1Pa\u00eds\u00bb, que lidera Sergio Massa.<\/p>\n<p>\u00abLe pedimos al presidente que recapacite, vuelva atr\u00e1s con la decisi\u00f3n y devuelva las pensiones a todos aquellos que se la quitaron. Tomaron una medida que discrimina a las personas con discapacidad. Otra vez, vemos la gravedad de una medida insensible que muestra que estamos frente a un gobierno que no tiene coraz\u00f3n al momento de tomar decisiones; menos cuando se trata de los m\u00e1s vulnerables\u00bb, se\u00f1al\u00f3 el primer precandidato a senador nacional por \u00ab1Pa\u00eds\u00bb.<\/p>\n<p>De esta manera, el gobierno de Mauricio Macri tendr\u00e1 ocho d\u00edas para restablecer la pensi\u00f3n no contributiva de todos aquellos beneficiarios afectados por la suspensi\u00f3n.<\/p>\n<p>En la misma sinton\u00eda, Malena Galmarini manifest\u00f3: \u00abEs una excelente noticia, las personas con discapacidad no pueden estar a merced de los avances y retrocesos del gobierno; necesitan la pensi\u00f3n todos los d\u00edas. No alcanza con pedir disculpas cuando se juega con la necesidad de los m\u00e1s vulnerables. Ya no son &#8216;errores&#8217; si siempre castigan a los pobres, son decisiones. Nunca se equivocan cuando se trata de los ricos\u00bb.<br \/>\nEl Gobierno modific\u00f3 el criterio de asignaci\u00f3n de pensiones a personas con discapacidad apelando a un decreto de 1997 que reglamenta el art\u00edculo 9 de la ley 13.478 de la Convenci\u00f3n de los Derechos de Personas con Discapacidad.<\/p>\n<p>Esa norma dice que la designaci\u00f3n de apoderados a los efectos del cobro de los haberes se har\u00e1 mediante poder o carta poder extendida ante la Secretar\u00eda de Desarrollo Social de la Presidencia de la Naci\u00f3n y un organismo que \u00e9sta autorice.<\/p>\n<h6>Fuente: Uno Santa Fe<\/h6>\n","protected":false},"excerpt":{"rendered":"<p>El gobierno nacional tendr\u00e1 ocho d\u00edas para devolver las pensiones, seg\u00fan lo dictamin\u00f3 la jueza federal de la Seguridad Social Viviana Pi\u00f1ero, quien dio lugar al amparo presentado por el diputado nacional Sergio Massa.<\/p>\n","protected":false},"author":2,"featured_media":65252,"comment_status":"closed","ping_status":"closed","sticky":false,"template":"","format":"standard","meta":{"footnotes":""},"categories":[8],"tags":[21],"class_list":["post-65251","post","type-post","status-publish","format-standard","has-post-thumbnail","hentry","category-informe-nacional","tag-argentina"],"_links":{"self":[{"href":"http:\/\/argentinamunicipal.com.ar\/argentina\/wp-json\/wp\/v2\/posts\/65251","targetHints":{"allow":["GET"]}}],"collection":[{"href":"http:\/\/argentinamunicipal.com.ar\/argentina\/wp-json\/wp\/v2\/posts"}],"about":[{"href":"http:\/\/argentinamunicipal.com.ar\/argentina\/wp-json\/wp\/v2\/types\/post"}],"author":[{"embeddable":true,"href":"http:\/\/argentinamunicipal.com.ar\/argentina\/wp-json\/wp\/v2\/users\/2"}],"replies":[{"embeddable":true,"href":"http:\/\/argentinamunicipal.com.ar\/argentina\/wp-json\/wp\/v2\/comments?post=65251"}],"version-history":[{"count":0,"href":"http:\/\/argentinamunicipal.com.ar\/argentina\/wp-json\/wp\/v2\/posts\/65251\/revisions"}],"wp:featuredmedia":[{"embeddable":true,"href":"http:\/\/argentinamunicipal.com.ar\/argentina\/wp-json\/wp\/v2\/media\/65252"}],"wp:attachment":[{"href":"http:\/\/argentinamunicipal.com.ar\/argentina\/wp-json\/wp\/v2\/media?parent=65251"}],"wp:term":[{"taxonomy":"category","embeddable":true,"href":"http:\/\/argentinamunicipal.com.ar\/argentina\/wp-json\/wp\/v2\/categories?post=65251"},{"taxonomy":"post_tag","embeddable":true,"href":"http:\/\/argentinamunicipal.com.ar\/argentina\/wp-json\/wp\/v2\/tags?post=65251"}],"curies":[{"name":"wp","href":"https:\/\/api.w.org\/{rel}","templated":true}]}}