{"id":65281,"date":"2017-07-12T07:42:40","date_gmt":"2017-07-12T10:42:40","guid":{"rendered":"http:\/\/argentinamunicipal.com.ar\/argentina\/?p=65281"},"modified":"2017-07-12T07:42:40","modified_gmt":"2017-07-12T10:42:40","slug":"rosario-fein-la-ciudad-invirtio-ahora-faltan-los-trenes","status":"publish","type":"post","link":"http:\/\/argentinamunicipal.com.ar\/argentina\/rosario-fein-la-ciudad-invirtio-ahora-faltan-los-trenes\/","title":{"rendered":"Rosario: Fein, \u00abLa ciudad invirti\u00f3 y ahora faltan los trenes\u00bb"},"content":{"rendered":"<p>Ante el preocupante estado de abandono edilicio y la falta de mantenimiento que presenta la estaci\u00f3n Apeadero Sur, se multiplicaron las cr\u00edticas en el arco pol\u00edtico local.<\/p>\n<p>Ante el preocupante estado de abandono edilicio y la falta de mantenimiento que presenta la estaci\u00f3n Apeadero Sur, se multiplicaron las cr\u00edticas en el arco pol\u00edtico local. En esa direcci\u00f3n de cuestionamientos, inquietudes y reclamos, la intendenta M\u00f3nica Fein elev\u00f3 sin rodeos una exigencia al gobierno nacional. \u00abLa ciudad invirti\u00f3 mucho para tener una estaci\u00f3n adecuada, pero ahora faltan los trenes\u00bb, se encarg\u00f3 de remarcar enf\u00e1ticamente la mandataria.<\/p>\n<p>Asimismo, mientras se manejan estos requerimientos por las v\u00edas formales correspondientes, Fein solicit\u00f3 que se promueva una baja en la duraci\u00f3n del viaje que une Rosario con Retiro (actualmente tarda m\u00e1s de 6 horas) para poder lograr mejores tiempos y as\u00ed llegar a ofrecer una alternativa de transporte m\u00e1s competitiva, que logre atraer la atenci\u00f3n de los pasajeros de toda la regi\u00f3n.<\/p>\n<p>En este momento, el panorama es realmente angustiante. Escaleras mec\u00e1nicas fuera de servicio, un ascensor para personas con movilidad reducida que tampoco opera, falta de higiene, poco movimiento en las boleter\u00edas y ba\u00f1os clausurados. Una dolorosa postal de vac\u00edo. Adem\u00e1s, la planta alta no tiene actividades y las irregularidades se multiplican.<\/p>\n<p>\u00abHay un solo tren que se detiene en esta estaci\u00f3n y en horario nocturno\u00bb, advirti\u00f3 tajantemente Fein, quien destac\u00f3 que \u00abhicimos una estaci\u00f3n de trenes, la ciudad invirti\u00f3 y pusimos equipamiento para que sea una estaci\u00f3n de trenes adecuada. Y ahora faltan los trenes. Ese es el gran desaf\u00edo que tenemos que afrontar\u00bb.<\/p>\n<p>La intendenta coment\u00f3 que en una reciente reuni\u00f3n con las autoridades nacionales de Transporte plante\u00f3 dos cuestiones ligadas a esta problem\u00e1tica. \u00abPedimos la disminuci\u00f3n del tiempo que dura el viaje Rosario-Retiro, y comenzar a pensar en otras posibilidades de conexi\u00f3n ferroviaria de la ciudad\u00bb, confi\u00f3.<\/p>\n<p>En este marco, la concejala Lorena Gim\u00e9nez puso el acento sobre este reclamo y se quej\u00f3 de que \u00abninguno de los niveles del Estado intercede en su control y funcionamiento\u00bb, y resalt\u00f3 que \u00abnadie intervino para mantener el lugar en condiciones y asegurar adem\u00e1s que los usuarios puedan utilizar todas las instalaciones de la estaci\u00f3n sin correr ning\u00fan tipo de riesgo\u00bb.<\/p>\n<h6>Fuente: La Capital Rosario<\/h6>\n","protected":false},"excerpt":{"rendered":"<p>Ante el preocupante estado de abandono edilicio y la falta de mantenimiento que presenta la estaci\u00f3n Apeadero Sur, se multiplicaron las cr\u00edticas en el arco pol\u00edtico local.<\/p>\n","protected":false},"author":2,"featured_media":65282,"comment_status":"closed","ping_status":"closed","sticky":false,"template":"","format":"standard","meta":{"footnotes":""},"categories":[4],"tags":[10],"class_list":["post-65281","post","type-post","status-publish","format-standard","has-post-thumbnail","hentry","category-informe-politico","tag-santa-fe"],"_links":{"self":[{"href":"http:\/\/argentinamunicipal.com.ar\/argentina\/wp-json\/wp\/v2\/posts\/65281","targetHints":{"allow":["GET"]}}],"collection":[{"href":"http:\/\/argentinamunicipal.com.ar\/argentina\/wp-json\/wp\/v2\/posts"}],"about":[{"href":"http:\/\/argentinamunicipal.com.ar\/argentina\/wp-json\/wp\/v2\/types\/post"}],"author":[{"embeddable":true,"href":"http:\/\/argentinamunicipal.com.ar\/argentina\/wp-json\/wp\/v2\/users\/2"}],"replies":[{"embeddable":true,"href":"http:\/\/argentinamunicipal.com.ar\/argentina\/wp-json\/wp\/v2\/comments?post=65281"}],"version-history":[{"count":0,"href":"http:\/\/argentinamunicipal.com.ar\/argentina\/wp-json\/wp\/v2\/posts\/65281\/revisions"}],"wp:featuredmedia":[{"embeddable":true,"href":"http:\/\/argentinamunicipal.com.ar\/argentina\/wp-json\/wp\/v2\/media\/65282"}],"wp:attachment":[{"href":"http:\/\/argentinamunicipal.com.ar\/argentina\/wp-json\/wp\/v2\/media?parent=65281"}],"wp:term":[{"taxonomy":"category","embeddable":true,"href":"http:\/\/argentinamunicipal.com.ar\/argentina\/wp-json\/wp\/v2\/categories?post=65281"},{"taxonomy":"post_tag","embeddable":true,"href":"http:\/\/argentinamunicipal.com.ar\/argentina\/wp-json\/wp\/v2\/tags?post=65281"}],"curies":[{"name":"wp","href":"https:\/\/api.w.org\/{rel}","templated":true}]}}