{"id":65305,"date":"2017-07-12T07:10:46","date_gmt":"2017-07-12T10:10:46","guid":{"rendered":"http:\/\/argentinamunicipal.com.ar\/argentina\/?p=65305"},"modified":"2017-07-12T08:19:04","modified_gmt":"2017-07-12T11:19:04","slug":"rosario-una-bolsa-trabajo-recibio-dos-dias-3-500-curriculum","status":"publish","type":"post","link":"http:\/\/argentinamunicipal.com.ar\/argentina\/rosario-una-bolsa-trabajo-recibio-dos-dias-3-500-curriculum\/","title":{"rendered":"Rosario: Una bolsa de trabajo recibi\u00f3 en dos d\u00edas 3.500 curr\u00edculum"},"content":{"rendered":"<p>Fue abierta el lunes por la Asociaci\u00f3n Casco Hist\u00f3rico de Rosario. El objetivo fue poner en contacto a desocupados con comerciantes<\/p>\n<p>La Asociaci\u00f3n Casco Hist\u00f3rico de Rosario puso en funcionamiento el lunes pasado una bolsa de trabajo para poner en contacto a personas en busca de empleo y a comerciantes del centro. En un d\u00eda y medio recibieron casi 3.500 curr\u00edculum. \u00abMuchos son de jubilados que buscan trabajo porque no les alcanza\u00bb, dijo a\u00a0La Capital\u00a0el presidente de la organizaci\u00f3n, Fabio Acosta.<\/p>\n<p>La bolsa de trabajo comenz\u00f3 a funcionar este lunes. \u00abPretendemos que sea un punto de encuentro entre la oferta y la demanda laboral\u00bb, detall\u00f3 Acosta. Funciona de lunes a viernes entre las 9 y las 20. Ayer a media tarde ya hab\u00edan recibido 300 curr\u00edculum vitae (CV) en papel y casi 3.200 por mail. \u00abEsto evidencia que hay mucha necesidad de trabajo\u00bb, remarc\u00f3.<\/p>\n<p>Acosta sostuvo que no esperaban recibir tantas solicitudes tan poco tiempo. Los CV se reciben en una urna ubicada frente a la oficina de la Asociaci\u00f3n Casco Hist\u00f3rico, en el entrepiso de la galer\u00eda La Favorita (Sarmiento 846, local 0103); y a trav\u00e9s del correo electr\u00f3nico bolsadetrabajocascohistorico@gmail.com.<\/p>\n<p>Primero se relevaron los CV recibidos en papel. De los 300, alrededor de 40 eran de jubilados que manifestaron no poder vivir s\u00f3lo con lo que les ingresa por la jubilaci\u00f3n y necesitan reforzarlo con alg\u00fan trabajo. Tambi\u00e9n detectaron a muchas mujeres amas de casa que ahora manifiestan no poder mantenerse con un \u00fanico ingreso en el hogar. \u00abSe trata de personas que no estaban en el mercado y que ahora necesitan ingresar\u00bb, remarc\u00f3 Acosta. Por mail, durante los primero dos d\u00edas se recibieron cerca de 3.200 CV.<\/p>\n<p>\u00abLa herramienta fue pensada para poner en contacto a las personas que est\u00e1n dejando CV en el centro de Rosario con empresarios, comerciantes y profesionales que est\u00e1n ofertando empleos\u00bb, dijo el presidente de la organizaci\u00f3n. El rol de la Asociaci\u00f3n, remarcan, se limita a acercar a las partes sin que se generen costos.<\/p>\n<p>\u00abEstamos mediando entre las dos partes. Hasta ayer nos contactaron 14 empresarios que necesitaban personal para consultar c\u00f3mo funcionaba y los pusimos en contacto con personas de las caracter\u00edsticas de las que buscaban. La selecci\u00f3n, despu\u00e9s, la hacen ellos\u00bb, detall\u00f3. Y aclar\u00f3 que si bien en principio la bolsa de trabajo era para la b\u00fasqueda de empleo en el radio comprendido entre Italia, San Lorenzo, Buenos Aires y Mendoza, est\u00e1n dispuestos a recibir a empresarios y comerciantes por fuera de esos l\u00edmites.<\/p>\n<p>Por la cantidad de CV que se hab\u00edan recibido hasta ayer, desde la Asociaci\u00f3n Casco Hist\u00f3rico decidieron solicitar a la intendenta M\u00f3nica Fein que declare la \u00abemergencia laboral\u00bb en Rosario.<\/p>\n<p>\u00abLes vamos a pedir que pongan atenci\u00f3n a esto que lo pongan en consideraci\u00f3n y se ponga en contacto con el gobierno nacional para que disponga los recursos para solventar este problema. Hay que pensar en subsidios, en cr\u00e9ditos blandos para las familias\u00bb, sostuvo el presidente de la organizaci\u00f3n, quien detall\u00f3 que la presentaci\u00f3n se realizar\u00e1 hoy a las 8 en el Distrito Centro. El escrito llama a \u00abrealizar una convocatoria amplia a todas las fuerzas vivas de la ciudad para debatir soluciones a este problema, que se pensaba s\u00f3lo exclusivo al sector metalmec\u00e1nico o industrial, y que est\u00e1 alcanzando a otros sectores del mundo del trabajo como el comercio y los servicios\u00bb.<\/p>\n<h6>Fuente: La capital Rosario<\/h6>\n","protected":false},"excerpt":{"rendered":"<p>Fue abierta el lunes por la Asociaci\u00f3n Casco Hist\u00f3rico de Rosario. El objetivo fue poner en contacto a desocupados con comerciantes<\/p>\n","protected":false},"author":2,"featured_media":65306,"comment_status":"closed","ping_status":"closed","sticky":false,"template":"","format":"standard","meta":{"footnotes":""},"categories":[2],"tags":[10],"class_list":["post-65305","post","type-post","status-publish","format-standard","has-post-thumbnail","hentry","category-informe-municipal","tag-santa-fe"],"_links":{"self":[{"href":"http:\/\/argentinamunicipal.com.ar\/argentina\/wp-json\/wp\/v2\/posts\/65305","targetHints":{"allow":["GET"]}}],"collection":[{"href":"http:\/\/argentinamunicipal.com.ar\/argentina\/wp-json\/wp\/v2\/posts"}],"about":[{"href":"http:\/\/argentinamunicipal.com.ar\/argentina\/wp-json\/wp\/v2\/types\/post"}],"author":[{"embeddable":true,"href":"http:\/\/argentinamunicipal.com.ar\/argentina\/wp-json\/wp\/v2\/users\/2"}],"replies":[{"embeddable":true,"href":"http:\/\/argentinamunicipal.com.ar\/argentina\/wp-json\/wp\/v2\/comments?post=65305"}],"version-history":[{"count":0,"href":"http:\/\/argentinamunicipal.com.ar\/argentina\/wp-json\/wp\/v2\/posts\/65305\/revisions"}],"wp:featuredmedia":[{"embeddable":true,"href":"http:\/\/argentinamunicipal.com.ar\/argentina\/wp-json\/wp\/v2\/media\/65306"}],"wp:attachment":[{"href":"http:\/\/argentinamunicipal.com.ar\/argentina\/wp-json\/wp\/v2\/media?parent=65305"}],"wp:term":[{"taxonomy":"category","embeddable":true,"href":"http:\/\/argentinamunicipal.com.ar\/argentina\/wp-json\/wp\/v2\/categories?post=65305"},{"taxonomy":"post_tag","embeddable":true,"href":"http:\/\/argentinamunicipal.com.ar\/argentina\/wp-json\/wp\/v2\/tags?post=65305"}],"curies":[{"name":"wp","href":"https:\/\/api.w.org\/{rel}","templated":true}]}}