{"id":65317,"date":"2017-07-12T06:34:48","date_gmt":"2017-07-12T09:34:48","guid":{"rendered":"http:\/\/argentinamunicipal.com.ar\/argentina\/?p=65317"},"modified":"2017-07-12T08:38:26","modified_gmt":"2017-07-12T11:38:26","slug":"casi-la-mitad-los-argentinos-afirma-situacion-economica-mala-mala","status":"publish","type":"post","link":"http:\/\/argentinamunicipal.com.ar\/argentina\/casi-la-mitad-los-argentinos-afirma-situacion-economica-mala-mala\/","title":{"rendered":"Casi la mitad de los argentinos afirma que su situaci\u00f3n econ\u00f3mica es \u201cmala o muy mala\u201d"},"content":{"rendered":"<p>A trav\u00e9s de un informe realizado por Centro Estrat\u00e9gico para el Crecimiento y Desarrollo Argentino se conoci\u00f3 que \u201clos sectores m\u00e1s vulnerables est\u00e1n peor que antes\u201d. Mientras que los que \u201cse encontraban en una situaci\u00f3n excelente o buena est\u00e1n, en su gran mayor\u00eda, igual o mejor\u201d.<\/p>\n<p>El informe realizado por el Centro Estrat\u00e9gico para el Crecimiento y Desarrollo Argentino (CECREDA) en base a los resultados de su encuesta de expectativas econ\u00f3micas de mayo, \u00a0reflej\u00f3 un crecimiento en las respuestas negativas respecto a febrero \u00faltimo.<\/p>\n<p>Seg\u00fan el an\u00e1lisis, \u00abse puede afirmar que la desigualdad est\u00e1 profundiz\u00e1ndose, ya que aquellos que se encontraban en una situaci\u00f3n cr\u00edtica con respecto a su econom\u00eda familiar, se mantienen en esa misma l\u00ednea, sin haber visto incrementada su calidad de vida a lo largo del a\u00f1o 2016 y en lo que va del 2017\u00bb.<br \/>\nSin dudas que la pol\u00edtica orientada por Cambiemos en materia econ\u00f3mica deja sus consecuencias en gran parte de la sociedad y el descontento se expresa de diversas formas. En esa ocasi\u00f3n, los n\u00fameros arrojan una enorme preocupaci\u00f3n de la poblaci\u00f3n y una muy bajas expectativas para el 2018.<\/p>\n<p>Si bien, en el sondeo realizado en mayo, el 52,3 por ciento de los consultados consider\u00f3 que su situaci\u00f3n econ\u00f3mica actual es \u00abbuena\u00bb. Un 45,5 por ciento defini\u00f3 su realidad actual como \u00abmala o muy mala\u00bb, lo cual presenta \u00abuna amplia diferencia\u00bb con respecto a la encuesta de febrero \u00faltimo cuando ese guarismo hab\u00eda sido 35,3 por ciento.<\/p>\n<p>Por otra parte, 1,4 por ciento calific\u00f3 como \u00abexcelente\u00bb su situaci\u00f3n, mostrando \u00abun detraimiento de un 1 por ciento\u00bb frente a la medici\u00f3n de febrer de 2017. En comparaci\u00f3n a mayo del 2016, el 47,5 por ciento de los encuestados se\u00f1al\u00f3 que su situaci\u00f3n econ\u00f3mica actual es \u00abpeor\u00bb mientras que en febrero esta respuesta fue dada por el 47,1 por ciento.<\/p>\n<p>Por otra parte, el 39,2 por ciento dijo que su realidad cotidiana es igual a la del 2016 (un crecimiento de 5 por ciento contra febrero), por lo que CECREDA afirm\u00f3 que \u00ablos argentinos no ven incrementada su calidad de vida en estos \u00faltimos meses\u00bb.<\/p>\n<p>Asimismo, el 13,1 por ciento evalu\u00f3 que su situaci\u00f3n econ\u00f3mica ha mejorado en el \u00faltimo a\u00f1o, proporci\u00f3n menor frente al 17,7 por ciento de la encuesta de febrero.<\/p>\n<p>El informe destac\u00f3 que \u00abse observa una ca\u00edda en la situaci\u00f3n econ\u00f3mica de los argentinos. Siendo as\u00ed que aumentaron la cantidad de respuestas que corresponden a &#8216;peor&#8217; y disminuyeron las respuestas de &#8216;mejor'\u00bb.<\/p>\n<p>\u00abSe han cruzado las respuestas que dieron los encuestados sobre la situaci\u00f3n actual y la vivida en el mismo mes del a\u00f1o pasado. Aquellos que se encuentran en una situaci\u00f3n mala o muy mala son los que est\u00e1n peor, comparativamente con el 2016. Esto se mantiene, significa que los sectores m\u00e1s vulnerables est\u00e1n peor que antes, mientras que aquellos que se encontraban en una situaci\u00f3n excelente o buena est\u00e1n, en su gran mayor\u00eda, igual o mejor\u00bb, evalu\u00f3.<\/p>\n<p>Seg\u00fan el an\u00e1lisis, \u00abse puede afirmar que la desigualdad est\u00e1 profundiz\u00e1ndose, ya que aquellos que se encontraban en una situaci\u00f3n cr\u00edtica con respecto a su econom\u00eda familiar, se mantienen en esa misma l\u00ednea, sin haber visto incrementada su calidad de vida a lo largo del a\u00f1o 2016 y en lo que va del 2017\u00bb.<\/p>\n<p>Respecto a las expectativas para el 2018, un 38 por ciento considera que ser\u00e1 \u00abpeor\u00bb, un 31 por ciento prev\u00e9 que su situaci\u00f3n ser\u00e1 \u00abmejor\u00bb, un 27,3 por ciento cree que se mantendr\u00e1 en las mismas condiciones. \u00abAdem\u00e1s de mucha incertidumbre, este porcentaje da cuenta de un alto grado de desconfianza en la mejor\u00eda de la econom\u00eda cotidiana, hogare\u00f1a y familiar\u00bb, finaliz\u00f3 el informe.<\/p>\n<h6>Fuente: InfoCielo<\/h6>\n","protected":false},"excerpt":{"rendered":"<p>A trav\u00e9s de un informe realizado por Centro Estrat\u00e9gico para el Crecimiento y Desarrollo Argentino se conoci\u00f3 que \u201clos sectores m\u00e1s vulnerables est\u00e1n peor que antes\u201d. <\/p>\n","protected":false},"author":2,"featured_media":65318,"comment_status":"closed","ping_status":"closed","sticky":false,"template":"","format":"standard","meta":{"footnotes":""},"categories":[8],"tags":[21],"class_list":["post-65317","post","type-post","status-publish","format-standard","has-post-thumbnail","hentry","category-informe-nacional","tag-argentina"],"_links":{"self":[{"href":"http:\/\/argentinamunicipal.com.ar\/argentina\/wp-json\/wp\/v2\/posts\/65317","targetHints":{"allow":["GET"]}}],"collection":[{"href":"http:\/\/argentinamunicipal.com.ar\/argentina\/wp-json\/wp\/v2\/posts"}],"about":[{"href":"http:\/\/argentinamunicipal.com.ar\/argentina\/wp-json\/wp\/v2\/types\/post"}],"author":[{"embeddable":true,"href":"http:\/\/argentinamunicipal.com.ar\/argentina\/wp-json\/wp\/v2\/users\/2"}],"replies":[{"embeddable":true,"href":"http:\/\/argentinamunicipal.com.ar\/argentina\/wp-json\/wp\/v2\/comments?post=65317"}],"version-history":[{"count":0,"href":"http:\/\/argentinamunicipal.com.ar\/argentina\/wp-json\/wp\/v2\/posts\/65317\/revisions"}],"wp:featuredmedia":[{"embeddable":true,"href":"http:\/\/argentinamunicipal.com.ar\/argentina\/wp-json\/wp\/v2\/media\/65318"}],"wp:attachment":[{"href":"http:\/\/argentinamunicipal.com.ar\/argentina\/wp-json\/wp\/v2\/media?parent=65317"}],"wp:term":[{"taxonomy":"category","embeddable":true,"href":"http:\/\/argentinamunicipal.com.ar\/argentina\/wp-json\/wp\/v2\/categories?post=65317"},{"taxonomy":"post_tag","embeddable":true,"href":"http:\/\/argentinamunicipal.com.ar\/argentina\/wp-json\/wp\/v2\/tags?post=65317"}],"curies":[{"name":"wp","href":"https:\/\/api.w.org\/{rel}","templated":true}]}}