{"id":65322,"date":"2017-07-13T07:13:28","date_gmt":"2017-07-13T10:13:28","guid":{"rendered":"http:\/\/argentinamunicipal.com.ar\/argentina\/?p=65322"},"modified":"2017-07-13T07:13:28","modified_gmt":"2017-07-13T10:13:28","slug":"la-cgt-paro-la-movilizacion","status":"publish","type":"post","link":"http:\/\/argentinamunicipal.com.ar\/argentina\/la-cgt-paro-la-movilizacion\/","title":{"rendered":"La CGT, entre el paro y la movilizaci\u00f3n"},"content":{"rendered":"<p>Aunque a\u00fan no tomaron una decisi\u00f3n, los dirigentes de la CGT parecen inclinarse por la redacci\u00f3n de un documento cr\u00edtico sobre la crisis econ\u00f3mica y la convocatoria a una manifestaci\u00f3n. Algunos quieren marchar antes de las PASO y otros, despu\u00e9s.<\/p>\n<p>La reuni\u00f3n de la mesa chica de la CGT no fue tranquila. La atraves\u00f3 la tensi\u00f3n que genera la mezcla de la necesidad de reaccionar ante la crisis econ\u00f3mica \u2013con su consecuencia principal que se expresa en la catarata de despidos\u2013 los intereses pol\u00edticos de algunos y las elecciones legislativas. \u201cAlgo vamos a hacer\u201d, reconocieron formalmente los participantes, y la balanza parece inclinarse hacia el lado de la movilizaci\u00f3n. El tema a definir, como ocurri\u00f3 con el paro de abril pasado, es la fecha. Algunos prefieren despu\u00e9s de las PASO y otros, el moyanismo, pugnan porque sea antes del 13 de agosto.<\/p>\n<p>La reuni\u00f3n se realiz\u00f3 en la sede de la UPCN, en el porte\u00f1o barrio de Monserrat. Andr\u00e9s Rodr\u00edguez, el due\u00f1o de casa, recibi\u00f3 al triunvirato que conduce la central obrera, H\u00e9ctor Daer, Juan Carlos Schmid y Carlos Acu\u00f1a. Junto a ellos participaron Omar Maturano (Fraternidad), Francisco \u201cBarba\u201d Guti\u00e9rrez, Armando Cavallieri (Comercio), Gerardo Mart\u00ednez (Uocra), Abel Frutos (panaderos) y Jorge Sola (seguros), entre otros.<\/p>\n<p>El punto es que la CGT sabe que alguna medida de acci\u00f3n directa debe realizar, que el tiempo no juega a su favor, que el desempleo crece a pasos agigantados y que hagan lo que hagan tendr\u00e1 una repercusi\u00f3n pol\u00edtica m\u00e1s all\u00e1 de sus propias preferencias. Es por eso que la tensi\u00f3n entre los participantes no tard\u00f3 en corporizarse. El sector del transporte, donde militan Schmid y Maturano, se la jug\u00f3 primero y lanz\u00f3 la necesidad de salir cuanto antes a expresar el descontento que hay en la calle. El m\u00e1s duro fue el ferroviario, que plante\u00f3 sin ambages el paro general. No es la primera vez que lo hace y el sector de \u201clos Gordos\u201d no creen en su palabra. Es m\u00e1s, recuerdan que hace unas semanas atr\u00e1s ya lo hab\u00eda propuesto pero un d\u00eda despu\u00e9s se reuni\u00f3 con el presidente Mauricio Macri a festejar un nuevo aniversario del centenario gremio. Como no encontr\u00f3 eco a su propuesta, Maturano se retir\u00f3 antes de que finalizara el encuentro.<\/p>\n<p>Schmid, que con el ferroviario milita en el moyanismo, no comparte su propuesta y en cambio prefiere que la CGT convoque a una movilizaci\u00f3n. \u201cYo me inclino por una fecha previa a las PASO\u201d, reconoci\u00f3 ante este diario, poco despu\u00e9s de que concluyera la reuni\u00f3n. Pero reconoci\u00f3 que har\u00e1 lo que se decida en el consejo directivo de la central obrera.<\/p>\n<p>La movilizaci\u00f3n parece que ser\u00e1 la decisi\u00f3n que finalmente tomar\u00e1 la CGT, pero otra vez aparece el tema de la fecha. Schmid insistir\u00e1 durante la reuni\u00f3n del consejo directivo, que se realizar\u00e1 hoy a las 14, que sea antes de las primarias del 13 de agosto. Pero sus otros colegas del triunvirato prefieren que sea despu\u00e9s, porque entienden que una movilizaci\u00f3n \u201cser\u00e1 funcional al gobierno nacional\u201d. Sostienen que \u201ccualquier problema durante la marcha ser\u00e1 endilgado a la conducci\u00f3n sindical y los medios nos volver\u00e1n a tratar de mafiosos y violentos. Un problema en una marcha previo a las elecciones la aprovechar\u00e1 el Gobierno para polarizar\u201d, aducen.<\/p>\n<p>M\u00e1s all\u00e1 de la diferencia que surgi\u00f3 entre los dirigentes que se referencian en el hist\u00f3rico dirigente camionero, lo que llam\u00f3 la atenci\u00f3n fue la ausencia de Pablo Moyano que, si bien se encuentra fuera del pa\u00eds, lo cierto es que no envi\u00f3 a ning\u00fan representante de su gremio. Entre los participantes del c\u00f3nclave pensaban que una raz\u00f3n del faltazo bien pod\u00eda ser el cierre de su negociaci\u00f3n paritaria que, como afirmaron algunos de los sindicalistas, \u201cno fue todo lo imponente que promet\u00edan que ser\u00eda\u201d.<\/p>\n<p>A los que no les gust\u00f3 la propuesta de movilizar y mucho menos la del paro, sostuvieron que es funcional a los intereses del gobierno nacional. All\u00ed militan \u201clos Gordos\u201d. Por caso, Cavallieri reconoci\u00f3 que su preferencia pasa por la redacci\u00f3n de \u201cun fuerte documento donde expliquemos lo que es la grieta\u201d. El a\u00f1oso dirigente as\u00ed lo hizo saber cuando abandon\u00f3 el edificio de UPCN y consider\u00f3 que la movilizaci\u00f3n \u201ces peligrosa\u201d, porque entiende que tanto el oficialismo como la oposici\u00f3n \u201cbuscar\u00e1n sacarle provecho pol\u00edtico para obtener un diputado o un senador m\u00e1s\u201d. Cavallieri, que es el dirigente que firm\u00f3 una de las paritarias m\u00e1s flojas de este a\u00f1o, asegur\u00f3 que \u201ca nadie le importa el costo social\u201d del plan econ\u00f3mico del macrismo. El documento en cuesti\u00f3n se redactar\u00e1 y es probable que se d\u00e9 a conocer el pr\u00f3ximo 26 de julio, cuando la CGT haga un homenaje a Eva Per\u00f3n. Ese d\u00eda se realizar\u00e1 un acto que coincidir\u00e1 con la hora de su fallecimiento. Sin embargo, parece que tambi\u00e9n le achacan intencionalidades secundarias. Al menos as\u00ed lo dicen \u201clos Gordos\u201d, que afirman que el entusiasmo de Schmid por ese acto est\u00e1 te\u00f1ido de antikirchnerismo. \u201cLo que pretenden los moyanistas es mostrar que los trabajadores solo responden a Ella, por Evita, para diferenciarse de la otra Ella, que es Cristina, y as\u00ed no se va a ning\u00fan lado\u201d, dicen, al tiempo que afirman que tampoco son cristinistas.<\/p>\n<h6>Fuente: P\u00e1gina 12<\/h6>\n","protected":false},"excerpt":{"rendered":"<p>Aunque a\u00fan no tomaron una decisi\u00f3n, los dirigentes de la CGT parecen inclinarse por la redacci\u00f3n de un documento cr\u00edtico sobre la crisis econ\u00f3mica y la convocatoria a una manifestaci\u00f3n. Algunos quieren marchar antes de las PASO y otros, despu\u00e9s.<\/p>\n","protected":false},"author":2,"featured_media":65323,"comment_status":"closed","ping_status":"closed","sticky":false,"template":"","format":"standard","meta":{"footnotes":""},"categories":[8],"tags":[21],"class_list":["post-65322","post","type-post","status-publish","format-standard","has-post-thumbnail","hentry","category-informe-nacional","tag-argentina"],"_links":{"self":[{"href":"http:\/\/argentinamunicipal.com.ar\/argentina\/wp-json\/wp\/v2\/posts\/65322","targetHints":{"allow":["GET"]}}],"collection":[{"href":"http:\/\/argentinamunicipal.com.ar\/argentina\/wp-json\/wp\/v2\/posts"}],"about":[{"href":"http:\/\/argentinamunicipal.com.ar\/argentina\/wp-json\/wp\/v2\/types\/post"}],"author":[{"embeddable":true,"href":"http:\/\/argentinamunicipal.com.ar\/argentina\/wp-json\/wp\/v2\/users\/2"}],"replies":[{"embeddable":true,"href":"http:\/\/argentinamunicipal.com.ar\/argentina\/wp-json\/wp\/v2\/comments?post=65322"}],"version-history":[{"count":0,"href":"http:\/\/argentinamunicipal.com.ar\/argentina\/wp-json\/wp\/v2\/posts\/65322\/revisions"}],"wp:featuredmedia":[{"embeddable":true,"href":"http:\/\/argentinamunicipal.com.ar\/argentina\/wp-json\/wp\/v2\/media\/65323"}],"wp:attachment":[{"href":"http:\/\/argentinamunicipal.com.ar\/argentina\/wp-json\/wp\/v2\/media?parent=65322"}],"wp:term":[{"taxonomy":"category","embeddable":true,"href":"http:\/\/argentinamunicipal.com.ar\/argentina\/wp-json\/wp\/v2\/categories?post=65322"},{"taxonomy":"post_tag","embeddable":true,"href":"http:\/\/argentinamunicipal.com.ar\/argentina\/wp-json\/wp\/v2\/tags?post=65322"}],"curies":[{"name":"wp","href":"https:\/\/api.w.org\/{rel}","templated":true}]}}