{"id":65350,"date":"2017-07-13T08:01:33","date_gmt":"2017-07-13T11:01:33","guid":{"rendered":"http:\/\/argentinamunicipal.com.ar\/argentina\/?p=65350"},"modified":"2017-07-13T08:01:33","modified_gmt":"2017-07-13T11:01:33","slug":"una-condena-politica","status":"publish","type":"post","link":"http:\/\/argentinamunicipal.com.ar\/argentina\/una-condena-politica\/","title":{"rendered":"Una condena pol\u00edtica"},"content":{"rendered":"<p>Es dif\u00edcil leer de otra manera el fallo del juez Sergio Moro m\u00e1s que como una condena pol\u00edtica, que busca un cimbronazo (m\u00e1s) en un pa\u00eds que desde hace tres a\u00f1os vive de sobresaltos institucionales, en medio de una severa crisis econ\u00f3mico-social. \u00bfC\u00f3mo caracterizar de otro modo a una condena a 9 a\u00f1os de prisi\u00f3n para quien encabeza todas las encuestas presidenciales conocidas rumbo al 2018? Es una condena pol\u00edtica, con todas las letras, por un departamento del cual no hay prueba alguna (firma, contrato, mudanza, etc) que demuestre que sea del ex presidente, tal como qued\u00f3 demostrado en la audiencia, meses atr\u00e1s.<\/p>\n<p>Quien condena al hist\u00f3rico dirigente sindical es el pirot\u00e9cnico y medi\u00e1tico juez Moro, quien aparece en decenas de fotograf\u00edas sonriendo junto a A\u00e9cio Neves -seriamente implicado en la causa Lava Jato- y al tambaleante Michel Temer, quien en estos d\u00edas pudiera ser reemplazado por Rodrigo Maia. Muy lejos de la equidistancia pol\u00edtica bajo la cual la mass media regional intenta situar a Moro, es un juez cuyo objetivo final ha quedado claro: que Lula no compita (o lo haga seriamente condicionado) en las elecciones presidenciales de 2018. La campa\u00f1a de la derecha -la misma que le hizo el golpe a Rousseff- tendr\u00e1 ahora un seguro slogan en caso que el pernambucano decida igualmente competir: \u201c\u00bfC\u00f3mo votar a alguien ya condenado?\u201d.<\/p>\n<p>Sin embargo, la historia latinoamericana muestra que la estrategia de la derecha brasile\u00f1a es bien riesgosa, pudiendo volverse un boomerang. Lula no solo encabeza las encuestas de intenci\u00f3n de voto rumbo al a\u00f1o pr\u00f3ximo, sino que los sondeos lo muestran como el ex presidente vivo mejor valorado de la historia de su pa\u00eds. Gobern\u00f3 en un per\u00edodo de bonanza econ\u00f3mica y redistribuy\u00f3. \u00bfAlcanzar\u00e1 esta condena en primera instancia para bajar sus ind\u00edces de popularidad, o podr\u00e1 esto ser visto como una arbitraria decisi\u00f3n de aquellos que ya efectuaron un golpe a la democracia brasile\u00f1a durante 2016? Las pr\u00f3ximas semanas dir\u00e1n. Lula, que sobrevivi\u00f3 a cuatro d\u00e9cadas de asedio del grupo Globo, piensa sobrevivir al juez Moro.<\/p>\n<p>Brasil aparenta ser un experimento de la derecha regional en varios sentidos. Primero porque encabeza un profundo ajuste luego de una d\u00e9cada de ampliaci\u00f3n de derechos: Temer recort\u00f3 la inversi\u00f3n social, principalmente en salud y educaci\u00f3n, por las pr\u00f3ximas dos d\u00e9cadas y acaba de aprobar en el Senado una reforma laboral profundamente regresiva. Pero adem\u00e1s porque la persecuci\u00f3n a Lula puede mostrar un espejo en el cual mirarse Argentina y Paraguay, donde Cristina Fern\u00e1ndez de Kirchner y Fernando Lugo, respectivamente, a\u00fan mantienen una pujante actividad pol\u00edtico-electoral.<\/p>\n<p>La condena a Lula, adem\u00e1s de ser pol\u00edtica, parece ser un mensaje del establishment al conjunto de los l\u00edderes populares de la regi\u00f3n que, a\u00fan con las corporaciones medi\u00e1ticas, judiciales y financieras en contra, siguen encabezando las encuestas. \u00bfEstaremos ingresando en la fase de un \u201cPlan C\u00f3ndor judicial\u201d, tal como afirm\u00f3 recientemente Eugenio Ra\u00fal Zaffaroni? \u00bfHasta d\u00f3nde se animar\u00e1n la derecha brasile\u00f1a y latinoamericana en este intento de \u201crestauraci\u00f3n conservadora\u201d que vive el continente? \u00bfSe vienen nuevas \u201ccondenas pol\u00edticas\u201d en el Cono Sur? Las preguntas est\u00e1n sobre la mesa. Mientras tanto, la defensa del ex presidente brasile\u00f1o apelar\u00e1 la medida y recurrir\u00e1 al tribunal de segunda instancia, que ahora tendr\u00e1 sobre sus espaldas el peso de definir si ratifica o absuelve.<\/p>\n<p>Por\u00a0Juan Manuel Karg *<\/p>\n<p>* Polit\u00f3logo UBA \/ Analista Internacional.<\/p>\n<h6>Fuente: P\u00e1gina 12<\/h6>\n","protected":false},"excerpt":{"rendered":"<p>Es dif\u00edcil leer de otra manera el fallo del juez Sergio Moro m\u00e1s que como una condena pol\u00edtica, que busca un cimbronazo (m\u00e1s) en un pa\u00eds que desde hace tres a\u00f1os vive de sobresaltos institucionales, en medio de una severa crisis econ\u00f3mico-social.<\/p>\n","protected":false},"author":2,"featured_media":65351,"comment_status":"closed","ping_status":"closed","sticky":false,"template":"","format":"standard","meta":{"footnotes":""},"categories":[6],"tags":[57],"class_list":["post-65350","post","type-post","status-publish","format-standard","has-post-thumbnail","hentry","category-opiniones","tag-el-mundo"],"_links":{"self":[{"href":"http:\/\/argentinamunicipal.com.ar\/argentina\/wp-json\/wp\/v2\/posts\/65350","targetHints":{"allow":["GET"]}}],"collection":[{"href":"http:\/\/argentinamunicipal.com.ar\/argentina\/wp-json\/wp\/v2\/posts"}],"about":[{"href":"http:\/\/argentinamunicipal.com.ar\/argentina\/wp-json\/wp\/v2\/types\/post"}],"author":[{"embeddable":true,"href":"http:\/\/argentinamunicipal.com.ar\/argentina\/wp-json\/wp\/v2\/users\/2"}],"replies":[{"embeddable":true,"href":"http:\/\/argentinamunicipal.com.ar\/argentina\/wp-json\/wp\/v2\/comments?post=65350"}],"version-history":[{"count":0,"href":"http:\/\/argentinamunicipal.com.ar\/argentina\/wp-json\/wp\/v2\/posts\/65350\/revisions"}],"wp:featuredmedia":[{"embeddable":true,"href":"http:\/\/argentinamunicipal.com.ar\/argentina\/wp-json\/wp\/v2\/media\/65351"}],"wp:attachment":[{"href":"http:\/\/argentinamunicipal.com.ar\/argentina\/wp-json\/wp\/v2\/media?parent=65350"}],"wp:term":[{"taxonomy":"category","embeddable":true,"href":"http:\/\/argentinamunicipal.com.ar\/argentina\/wp-json\/wp\/v2\/categories?post=65350"},{"taxonomy":"post_tag","embeddable":true,"href":"http:\/\/argentinamunicipal.com.ar\/argentina\/wp-json\/wp\/v2\/tags?post=65350"}],"curies":[{"name":"wp","href":"https:\/\/api.w.org\/{rel}","templated":true}]}}