{"id":65369,"date":"2017-07-14T06:51:06","date_gmt":"2017-07-14T09:51:06","guid":{"rendered":"http:\/\/argentinamunicipal.com.ar\/argentina\/?p=65369"},"modified":"2017-07-14T06:51:06","modified_gmt":"2017-07-14T09:51:06","slug":"perez-esquivel-la-situacion-pepsico-se-multiplicara-pais","status":"publish","type":"post","link":"http:\/\/argentinamunicipal.com.ar\/argentina\/perez-esquivel-la-situacion-pepsico-se-multiplicara-pais\/","title":{"rendered":"Para P\u00e9rez Esquivel, la situaci\u00f3n de Pepsico \u201cse multiplicar\u00e1 en el pa\u00eds\u201d"},"content":{"rendered":"<p>El presidente de la Comisi\u00f3n Provincial por la Memoria critic\u00f3 la represi\u00f3n policial contra los trabajadores de la planta de Vicente L\u00f3pez y anticip\u00f3 a\u00a0Info Regi\u00f3n\u00a0que los despidos se \u201cmultiplicar\u00e1n\u201d en el pa\u00eds. \u201cEl problema es que el Poder Judicial est\u00e1 muy atado al poder pol\u00edtico\u201d, manifest\u00f3 en referencia al desalojo realizado ayer.<\/p>\n<p>El activista por los Derechos Humanos y presidente de la\u00a0Comisi\u00f3n Provincial por la Memoria\u00a0(CPM), Adolfo P\u00e9rez Esquivel, advirti\u00f3 a\u00a0Info Regi\u00f3n\u00a0que\u00a0la situaci\u00f3n que se vive en la planta de Vicente L\u00f3pez\u00a0perteneciente a la multinacional estadounidense Pepsico \u201cse va a multiplicar en el pa\u00eds\u201d y critic\u00f3 el\u00a0violento desalojo\u00a0llevado a cabo ayer por orden de la Justicia.<\/p>\n<p>\u201cEsto se va multiplicar en el pa\u00eds porque cada vez la situaci\u00f3n se vuelve m\u00e1s complicada y dolorosa para las familias por las pol\u00edticas del Gobierno\u201d, fustig\u00f3 P\u00e9rez Esquivel, quien atribuy\u00f3 \u201cla brutalidad\u201d con la que se desaloj\u00f3 a los 600 empleados de la planta \u201cal v\u00ednculo del Poder Judicial con el Gobierno\u201d.<\/p>\n<p>\u201cAc\u00e1 el problema es que el Poder Judicial est\u00e1 muy atado al poder pol\u00edtico\u201d, explic\u00f3, en referencia a la orden de desalojo que parti\u00f3 de la jueza de Garant\u00edas N\u00b03 de San Isidro, Andrea Rodr\u00edguez Mentasty.<\/p>\n<p>La planta de la multinacional fue escenario este jueves de una batalla campal\u00a0entre los trabajadores que se atrincheraron dentro del edificio y personal policial y de Infanter\u00eda, que\u00a0los desaloj\u00f3 violentamente\u00a0delante de las c\u00e1maras de televisi\u00f3n y la presencia de varios dirigentes pol\u00edticos y sociales.<\/p>\n<p>P\u00e9rez Esquivel sugiri\u00f3 que \u201cen vez de violencia\u201d, el problema se podr\u00eda haber resuelto \u201ccon pol\u00edticas sociales\u201d\u00b7 Si bien un estado gripal le impidi\u00f3 estar en el lugar, como s\u00ed lo hicieron otros referentes de la CPM,\u00a0el premio Nobel de la Paz intent\u00f3 comunicarse con el Tribunal 3 para hablar con la magistrada Rodr\u00edguez Mentasti y \u201cpedirle que no repriman\u201d, pero no lo atendieron.<\/p>\n<h6>Fuente:\u00a0Info Regi\u00f3n.<\/h6>\n","protected":false},"excerpt":{"rendered":"<p>El presidente de la Comisi\u00f3n Provincial por la Memoria critic\u00f3 la represi\u00f3n policial contra los trabajadores de la planta de Vicente L\u00f3pez y anticip\u00f3 a Info Regi\u00f3n que los despidos se \u201cmultiplicar\u00e1n\u201d en el pa\u00eds.<\/p>\n","protected":false},"author":2,"featured_media":65370,"comment_status":"closed","ping_status":"closed","sticky":false,"template":"","format":"standard","meta":{"footnotes":""},"categories":[8],"tags":[21],"class_list":["post-65369","post","type-post","status-publish","format-standard","has-post-thumbnail","hentry","category-informe-nacional","tag-argentina"],"_links":{"self":[{"href":"http:\/\/argentinamunicipal.com.ar\/argentina\/wp-json\/wp\/v2\/posts\/65369","targetHints":{"allow":["GET"]}}],"collection":[{"href":"http:\/\/argentinamunicipal.com.ar\/argentina\/wp-json\/wp\/v2\/posts"}],"about":[{"href":"http:\/\/argentinamunicipal.com.ar\/argentina\/wp-json\/wp\/v2\/types\/post"}],"author":[{"embeddable":true,"href":"http:\/\/argentinamunicipal.com.ar\/argentina\/wp-json\/wp\/v2\/users\/2"}],"replies":[{"embeddable":true,"href":"http:\/\/argentinamunicipal.com.ar\/argentina\/wp-json\/wp\/v2\/comments?post=65369"}],"version-history":[{"count":0,"href":"http:\/\/argentinamunicipal.com.ar\/argentina\/wp-json\/wp\/v2\/posts\/65369\/revisions"}],"wp:featuredmedia":[{"embeddable":true,"href":"http:\/\/argentinamunicipal.com.ar\/argentina\/wp-json\/wp\/v2\/media\/65370"}],"wp:attachment":[{"href":"http:\/\/argentinamunicipal.com.ar\/argentina\/wp-json\/wp\/v2\/media?parent=65369"}],"wp:term":[{"taxonomy":"category","embeddable":true,"href":"http:\/\/argentinamunicipal.com.ar\/argentina\/wp-json\/wp\/v2\/categories?post=65369"},{"taxonomy":"post_tag","embeddable":true,"href":"http:\/\/argentinamunicipal.com.ar\/argentina\/wp-json\/wp\/v2\/tags?post=65369"}],"curies":[{"name":"wp","href":"https:\/\/api.w.org\/{rel}","templated":true}]}}