{"id":65372,"date":"2017-07-14T06:53:54","date_gmt":"2017-07-14T09:53:54","guid":{"rendered":"http:\/\/argentinamunicipal.com.ar\/argentina\/?p=65372"},"modified":"2017-07-14T06:53:54","modified_gmt":"2017-07-14T09:53:54","slug":"sin-apuro-la-cgt-convoco-una-movilizacion-sin-paro-despues-las-elecciones-primarias","status":"publish","type":"post","link":"http:\/\/argentinamunicipal.com.ar\/argentina\/sin-apuro-la-cgt-convoco-una-movilizacion-sin-paro-despues-las-elecciones-primarias\/","title":{"rendered":"Sin apuro: la CGT convoc\u00f3 a una movilizaci\u00f3n sin paro para despu\u00e9s de las elecciones primarias"},"content":{"rendered":"<p>El triunvirato de la Confederaci\u00f3n General del Trabajo (CGT) anunci\u00f3 hoy la realizaci\u00f3n de una movilizaci\u00f3n sin paro de actividades para el pr\u00f3ximo 22 de agosto. La decisi\u00f3n la tomaron luego de la represi\u00f3n que sufrieron trabajadores de Pepsico.<\/p>\n<p>Los tres l\u00edderes de la central obrera Juan Carlos Schmid, H\u00e9ctor Daer y Carlos Acu\u00f1a anunciaron hoy una pr\u00f3xima movilizaci\u00f3n para repudiar las pol\u00edticas de ajuste del gobierno de Mauricio Macri.\u00a0Si bien la decisi\u00f3n fue tomada en los \u00faltimos minutos, ya gener\u00f3 pol\u00e9mica.<\/p>\n<p>Es que, en medio de los numerosos despidos y la represi\u00f3n que sufrieron cientos de trabajadores de Pepsico esta ma\u00f1ana, los dirigentes decidieron realizar esta medida de fuerza varios d\u00edas despu\u00e9s de las Primarias, Abiertas, Simult\u00e1neas y Obligatorias (PASO).<\/p>\n<h6>Fuente: InfoCielo<\/h6>\n","protected":false},"excerpt":{"rendered":"<p>El triunvirato de la Confederaci\u00f3n General del Trabajo (CGT) anunci\u00f3 hoy la realizaci\u00f3n de una movilizaci\u00f3n sin paro de actividades para el pr\u00f3ximo 22 de agosto. La decisi\u00f3n la tomaron luego de la represi\u00f3n que sufrieron trabajadores de Pepsico.<\/p>\n","protected":false},"author":2,"featured_media":65373,"comment_status":"closed","ping_status":"closed","sticky":false,"template":"","format":"standard","meta":{"footnotes":""},"categories":[8],"tags":[21],"class_list":["post-65372","post","type-post","status-publish","format-standard","has-post-thumbnail","hentry","category-informe-nacional","tag-argentina"],"_links":{"self":[{"href":"http:\/\/argentinamunicipal.com.ar\/argentina\/wp-json\/wp\/v2\/posts\/65372","targetHints":{"allow":["GET"]}}],"collection":[{"href":"http:\/\/argentinamunicipal.com.ar\/argentina\/wp-json\/wp\/v2\/posts"}],"about":[{"href":"http:\/\/argentinamunicipal.com.ar\/argentina\/wp-json\/wp\/v2\/types\/post"}],"author":[{"embeddable":true,"href":"http:\/\/argentinamunicipal.com.ar\/argentina\/wp-json\/wp\/v2\/users\/2"}],"replies":[{"embeddable":true,"href":"http:\/\/argentinamunicipal.com.ar\/argentina\/wp-json\/wp\/v2\/comments?post=65372"}],"version-history":[{"count":0,"href":"http:\/\/argentinamunicipal.com.ar\/argentina\/wp-json\/wp\/v2\/posts\/65372\/revisions"}],"wp:featuredmedia":[{"embeddable":true,"href":"http:\/\/argentinamunicipal.com.ar\/argentina\/wp-json\/wp\/v2\/media\/65373"}],"wp:attachment":[{"href":"http:\/\/argentinamunicipal.com.ar\/argentina\/wp-json\/wp\/v2\/media?parent=65372"}],"wp:term":[{"taxonomy":"category","embeddable":true,"href":"http:\/\/argentinamunicipal.com.ar\/argentina\/wp-json\/wp\/v2\/categories?post=65372"},{"taxonomy":"post_tag","embeddable":true,"href":"http:\/\/argentinamunicipal.com.ar\/argentina\/wp-json\/wp\/v2\/tags?post=65372"}],"curies":[{"name":"wp","href":"https:\/\/api.w.org\/{rel}","templated":true}]}}