{"id":65378,"date":"2017-07-14T06:58:57","date_gmt":"2017-07-14T09:58:57","guid":{"rendered":"http:\/\/argentinamunicipal.com.ar\/argentina\/?p=65378"},"modified":"2017-07-14T06:58:57","modified_gmt":"2017-07-14T09:58:57","slug":"pepsico-ante-silencio-la-cgt-la-izquierda-acciona-medidas-defender-los-trabajadores","status":"publish","type":"post","link":"http:\/\/argentinamunicipal.com.ar\/argentina\/pepsico-ante-silencio-la-cgt-la-izquierda-acciona-medidas-defender-los-trabajadores\/","title":{"rendered":"PEPSICO: Ante el silencio de la CGT, la izquierda acciona con medidas para defender a los trabajadores"},"content":{"rendered":"<p>Con el ojo puesto en la quietud del titular del Sindicato de Trabajadores de la Industria de la Alimentaci\u00f3n, Rodolfo Daer, y el vac\u00edo del triunvirato de la central obrera, desde sectores gremiales disidentes salieron a repudiar lo sucedido. Convocaron a un paro del tren Sarmiento que va desde Moreno a Castelar y a marchar a Plaza de Mayo.<\/p>\n<p>El conflicto de casi 600 trabajadores despedidos en la planta de PEPSICO ubicada en Florida, distrito de Vicente L\u00f3pez, ya lleva varias semanas y se ha caracterizado por la total inacci\u00f3n de los sindicatos que deben velar por los derechos de los empleados. Tanto la ausencia del titular del Sindicato de Trabajadores de la Industria de la Alimentaci\u00f3n, Rodolfo Daer, como del triunvirato de la CGT marc\u00f3 el escenario desolador para los afectados por la empresa multinacional.<\/p>\n<p>De este modo, desde sectores gremiales disidentes encabezados por la izquierda tomaron la posta de la situaci\u00f3n y llevan adelante la defensa de los derechos de los trabajadores. De hecho, durante la ocupaci\u00f3n pac\u00edfica de la planta, quienes apoyaron la medida fueron sindicalistas y legisladores de dicha orientaci\u00f3n pol\u00edtica.<\/p>\n<p>Al reclamo por la reincorporaci\u00f3n de los despedidos ante la empresa y el gobierno de Cambiemos, tambi\u00e9n se le sumaron las quejas por la inacci\u00f3n de la central obrera ante tama\u00f1a problem\u00e1tica y hasta el momento no sea conocido una postura firme al respecto por parte del triunvirato.<\/p>\n<p>Tras el violento desalojo, se activaron nuevamente las alarmas de los sectores \u201ccombativos\u201d y r\u00e1pidamente, Rub\u00e9n \u201cPollo\u201d Sobrero dio a conocer que resolvieron realizar un paro del tren Sarmiento. La l\u00ednea que recorre la localidad de Moreno hasta Castelar dej\u00f3 de prestar el servicio en \u201csolidaridad con los despidos\u00bb.<\/p>\n<p>\u201cEspero que los dirigentes dejen de hacerse los boludos, porque as\u00ed nos van a matar de a uno. No tienen cabida los traidores\u201d, sostuvo el dirigente y desafi\u00f3: \u201cque vayan a reprimir al Sarmiento a ver si se la bancan\u00bb.<\/p>\n<p>Por su parte, en di\u00e1logo con TODO NO SE PUEDE que se emite por FM CIELO, una de las referentes de izquierda, Vilma Ripoll, cont\u00f3 que \u201cla planta fue desalojada por completo. Vamos a ir a ver a los 8 detenidos\u00bb, y a\u00f1adi\u00f3 que \u201calgunos trabajadores todav\u00eda no recibieron siquiera el telegrama de despido\u00bb.<\/p>\n<p>Para seguir con el reclamo y con la iniciativa, desde el Encuentro Memoria Verdad y Justicia, que nuclea a organizaciones de izquierda y de derechos humanos, convocan a concentrar desde las 15.30 en Plaza de Mayo para repudiar lo sucedido en PEPSICO.<\/p>\n<p>La ausencia de la CGT en este tipo de conflicto no es la primera vez que sucede, cabe recordar que para convocar al paro general del 6 de abril pasado, los sindicatos disidentes presionaron al punto de provocar un esc\u00e1ndalo en un acto realizado por la central obrera. En esa oportunidad, los l\u00edderes del triunvirato debieron huir raudamente ante la presi\u00f3n de las bases para que llamaran a una huelga en reclamo de aumento salarial y m\u00e1s trabajo.<\/p>\n<h6>Fuente: InfoCielo<\/h6>\n","protected":false},"excerpt":{"rendered":"<p>Con el ojo puesto en la quietud del titular del Sindicato de Trabajadores de la Industria de la Alimentaci\u00f3n, Rodolfo Daer, y el vac\u00edo del triunvirato de la central obrera, desde sectores gremiales disidentes salieron a repudiar lo sucedido.<\/p>\n","protected":false},"author":2,"featured_media":65379,"comment_status":"closed","ping_status":"closed","sticky":false,"template":"","format":"standard","meta":{"footnotes":""},"categories":[8],"tags":[21],"class_list":["post-65378","post","type-post","status-publish","format-standard","has-post-thumbnail","hentry","category-informe-nacional","tag-argentina"],"_links":{"self":[{"href":"http:\/\/argentinamunicipal.com.ar\/argentina\/wp-json\/wp\/v2\/posts\/65378","targetHints":{"allow":["GET"]}}],"collection":[{"href":"http:\/\/argentinamunicipal.com.ar\/argentina\/wp-json\/wp\/v2\/posts"}],"about":[{"href":"http:\/\/argentinamunicipal.com.ar\/argentina\/wp-json\/wp\/v2\/types\/post"}],"author":[{"embeddable":true,"href":"http:\/\/argentinamunicipal.com.ar\/argentina\/wp-json\/wp\/v2\/users\/2"}],"replies":[{"embeddable":true,"href":"http:\/\/argentinamunicipal.com.ar\/argentina\/wp-json\/wp\/v2\/comments?post=65378"}],"version-history":[{"count":0,"href":"http:\/\/argentinamunicipal.com.ar\/argentina\/wp-json\/wp\/v2\/posts\/65378\/revisions"}],"wp:featuredmedia":[{"embeddable":true,"href":"http:\/\/argentinamunicipal.com.ar\/argentina\/wp-json\/wp\/v2\/media\/65379"}],"wp:attachment":[{"href":"http:\/\/argentinamunicipal.com.ar\/argentina\/wp-json\/wp\/v2\/media?parent=65378"}],"wp:term":[{"taxonomy":"category","embeddable":true,"href":"http:\/\/argentinamunicipal.com.ar\/argentina\/wp-json\/wp\/v2\/categories?post=65378"},{"taxonomy":"post_tag","embeddable":true,"href":"http:\/\/argentinamunicipal.com.ar\/argentina\/wp-json\/wp\/v2\/tags?post=65378"}],"curies":[{"name":"wp","href":"https:\/\/api.w.org\/{rel}","templated":true}]}}